{"id":1039,"date":"2023-11-27T23:16:15","date_gmt":"2023-11-27T23:16:15","guid":{"rendered":"https:\/\/owm.ug.edu.pl\/?p=1039"},"modified":"2023-11-27T23:16:15","modified_gmt":"2023-11-27T23:16:15","slug":"edycja-20222023-2","status":"publish","type":"post","link":"https:\/\/owm.ug.edu.pl\/?p=1039","title":{"rendered":"Edycja 2022\/2023"},"content":{"rendered":"<h2 style=\"text-align: center;\">Edycja 2022\/2023<\/h2>\n<p><a href=\"https:\/\/owm.ug.edu.pl\/wp-content\/uploads\/2022\/12\/DSC_0369.jpg\"><img loading=\"lazy\" decoding=\"async\" class=\" wp-image-1020 aligncenter\" src=\"https:\/\/owm.ug.edu.pl\/wp-content\/uploads\/2022\/12\/DSC_0369-300x196.jpg\" alt=\"\" width=\"859\" height=\"561\" srcset=\"https:\/\/owm.ug.edu.pl\/wp-content\/uploads\/2022\/12\/DSC_0369-300x196.jpg 300w, https:\/\/owm.ug.edu.pl\/wp-content\/uploads\/2022\/12\/DSC_0369-768x502.jpg 768w, https:\/\/owm.ug.edu.pl\/wp-content\/uploads\/2022\/12\/DSC_0369-1024x670.jpg 1024w\" sizes=\"auto, (max-width: 859px) 100vw, 859px\" \/><\/a><\/p>\n<p><strong>Do etapu centralnego IX edycji Olimpiady Wiedzy o Mediach z okr\u0119gu pomorskiego zakwalifikowali si\u0119 (w kolejno\u015bci alfabetycznej):<\/strong><\/p>\n<p><strong>Weronika B\u0105k<\/strong> z III Liceum Og\u00f3lnokszta\u0142c\u0105cego z Oddzia\u0142ami Dwuj\u0119zycznymi im. Marynarki Wojennej RP w Gdyni, uczennica pani <strong>Joanny Piechowiak<\/strong><\/p>\n<p><strong>Magdalena Grzeszczuk<\/strong> z Zespo\u0142u Szk\u00f3\u0142 Gospodarki \u017bywno\u015bciowej i Agrobiznesu w L\u0119borku, uczennica pani <strong>Magdaleny Labudy<\/strong><\/p>\n<p><strong>Bartosz Kiedrowski<\/strong> z Liceum Og\u00f3lnokszta\u0142c\u0105cego im. Filomat\u00f3w Chojnickich w Chojnicach, ucze\u0144 pana <strong>Jacka Borzyszkowskiego<\/strong><\/p>\n<p><strong>Julia Kobiela<\/strong> z Zespo\u0142u Szk\u00f3\u0142 Gospodarki \u017bywno\u015bciowej i Agrobiznesu w L\u0119borku, uczennica pani <strong>Magdaleny Labudy<\/strong><\/p>\n<p><strong>Urszula Kuczkowska<\/strong> z Liceum Og\u00f3lnokszta\u0142c\u0105cego im. Filomat\u00f3w Chojnickich w Chojnicach, uczennica pana <strong>Jacka Borzyszkowskiego<\/strong><\/p>\n<p><strong>Aleksandra Szymaniuk<\/strong> z III Liceum Og\u00f3lnokszta\u0142c\u0105cego z Oddzia\u0142ami Dwuj\u0119zycznymi im. Marynarki Wojennej RP w Gdyni, uczennica pani <strong>Joanny Piechowiak<\/strong><\/p>\n<p><strong>Alicja Wojtaszak<\/strong> z III Liceum Og\u00f3lnokszta\u0142c\u0105cego z Oddzia\u0142ami Dwuj\u0119zycznymi im. Marynarki Wojennej RP w Gdyni, uczennica pani <strong>Joanny Piechowiak<\/strong><\/p>\n<p><strong>Zofia Woss<\/strong> ze Spo\u0142ecznego Liceum Og\u00f3lnokszta\u0142c\u0105cego w L\u0119borku, uczennica pani <strong>Joanny Woss<\/strong><\/p>\n<p><strong>Amelia Zieli\u0144ska<\/strong> z Liceum Og\u00f3lnokszta\u0142c\u0105cego im. Filomat\u00f3w Chojnickich w Chojnicach, uczennica pana <strong>Jacka Borzyszkowskiego<\/strong><\/p>\n<p><strong>Zuzanna Zimna<\/strong> z II Liceum Og\u00f3lnokszta\u0142c\u0105cego im. Boles\u0142awa Chrobrego w Sopocie, uczennica pana <strong>Paw\u0142a L\u0119ckiego<\/strong><\/p>\n<p><strong>Wszystkim Uczestnikom i Nauczycielom dzi\u0119kujemy i gratulujemy!<\/strong><\/p>\n","protected":false},"excerpt":{"rendered":"<p>Edycja 2022\/2023 Do etapu centralnego IX edycji Olimpiady Wiedzy o Mediach z okr\u0119gu pomorskiego zakwalifikowali si\u0119 (w kolejno\u015bci alfabetycznej): Weronika B\u0105k z III Liceum Og\u00f3lnokszta\u0142c\u0105cego z Oddzia\u0142ami Dwuj\u0119zycznymi im. Marynarki Wojennej RP w Gdyni, uczennica pani Joanny Piechowiak Magdalena Grzeszczuk z Zespo\u0142u Szk\u00f3\u0142 Gospodarki \u017bywno\u015bciowej i Agrobiznesu w L\u0119borku, uczennica pani Magdaleny Labudy Bartosz Kiedrowski &hellip; <\/p>\n<p class=\"link-more\"><a href=\"https:\/\/owm.ug.edu.pl\/?p=1039\" class=\"read-more\">Read More<span class=\"screen-reader-text\"> &#8222;Edycja 2022\/2023&#8221;<\/span><\/a><\/p>\n","protected":false},"author":1,"featured_media":0,"comment_status":"closed","ping_status":"open","sticky":false,"template":"","format":"standard","meta":{"footnotes":""},"categories":[3],"tags":[],"class_list":["post-1039","post","type-post","status-publish","format-standard","hentry","category-poprzednie-edycje"],"_links":{"self":[{"href":"https:\/\/owm.ug.edu.pl\/index.php?rest_route=\/wp\/v2\/posts\/1039","targetHints":{"allow":["GET"]}}],"collection":[{"href":"https:\/\/owm.ug.edu.pl\/index.php?rest_route=\/wp\/v2\/posts"}],"about":[{"href":"https:\/\/owm.ug.edu.pl\/index.php?rest_route=\/wp\/v2\/types\/post"}],"author":[{"embeddable":true,"href":"https:\/\/owm.ug.edu.pl\/index.php?rest_route=\/wp\/v2\/users\/1"}],"replies":[{"embeddable":true,"href":"https:\/\/owm.ug.edu.pl\/index.php?rest_route=%2Fwp%2Fv2%2Fcomments&post=1039"}],"version-history":[{"count":1,"href":"https:\/\/owm.ug.edu.pl\/index.php?rest_route=\/wp\/v2\/posts\/1039\/revisions"}],"predecessor-version":[{"id":1040,"href":"https:\/\/owm.ug.edu.pl\/index.php?rest_route=\/wp\/v2\/posts\/1039\/revisions\/1040"}],"wp:attachment":[{"href":"https:\/\/owm.ug.edu.pl\/index.php?rest_route=%2Fwp%2Fv2%2Fmedia&parent=1039"}],"wp:term":[{"taxonomy":"category","embeddable":true,"href":"https:\/\/owm.ug.edu.pl\/index.php?rest_route=%2Fwp%2Fv2%2Fcategories&post=1039"},{"taxonomy":"post_tag","embeddable":true,"href":"https:\/\/owm.ug.edu.pl\/index.php?rest_route=%2Fwp%2Fv2%2Ftags&post=1039"}],"curies":[{"name":"wp","href":"https:\/\/api.w.org\/{rel}","templated":true}]}}