{"id":655,"date":"2017-09-24T23:00:44","date_gmt":"2017-09-24T23:00:44","guid":{"rendered":"https:\/\/owm.ug.edu.pl\/?p=655"},"modified":"2017-09-24T23:12:08","modified_gmt":"2017-09-24T23:12:08","slug":"20162017","status":"publish","type":"post","link":"https:\/\/owm.ug.edu.pl\/?p=655","title":{"rendered":"Edycja 2016\/2017"},"content":{"rendered":"<p style=\"text-align: left;\"><strong>Z przyjemno\u015bci\u0105 informujemy o sukcesach naszych uczni\u00f3w w fina\u0142ach III Olimpiady <a href=\"https:\/\/owm.ug.edu.pl\/wp-content\/uploads\/2017\/03\/image1-e1490822533557.jpg\"><img loading=\"lazy\" decoding=\"async\" class=\"size-thumbnail wp-image-616 alignright\" src=\"https:\/\/owm.ug.edu.pl\/wp-content\/uploads\/2017\/03\/image1-e1490822533557-150x150.jpg\" alt=\"\" width=\"150\" height=\"150\" \/><\/a>Wiedzy o Mediach.<\/strong><\/p>\n<p>W gronie laureat\u00f3w znale\u017ali si\u0119:<\/p>\n<p style=\"text-align: justify;\"><strong><span style=\"color: #333399;\">Szymon Ra\u0107<\/span><\/strong>\u00a0z V Liceum Og\u00f3lno<span class=\"text_exposed_show\">kszta\u0142c\u0105cego w Gda\u0144sku, wychowanek pani prof.\u00a0<strong><span style=\"color: #333399;\">Bo\u017ceny Kudryckiej<\/span><\/strong>. Ucze\u0144 powt\u00f3rzy\u0142 sw\u00f3j zesz\u0142oroczny sukces: ponownie zaj\u0105\u0142 drugie miejsce w Polsce. Podziwu godna powtarzalno\u015b\u0107 wynik\u00f3w.<\/span><\/p>\n<div class=\"text_exposed_show\">\n<p style=\"text-align: justify;\"><strong><span style=\"color: #333399;\">Tomasz Detlaf<\/span><\/strong>, ucze\u0144 VI Liceum Og\u00f3lnokszta\u0142c\u0105cego w Gda\u0144sku, wychowanek pani prof.\u00a0<strong><span style=\"color: #333399;\">Marii \u0141ojek-Kurz\u0119tkowskiej<\/span><\/strong>. \u015awietny wynik. Trzynaste miejsce w pi\u0105tek (o w\u0142os od \u015bcis\u0142ego fina\u0142u) to dobry prognostyk przed przysz\u0142orocznymi zawodami&#8230;<\/p>\n<p style=\"text-align: justify;\"><strong><span style=\"color: #333399;\">Igor Sk\u00f3rzyb\u00f3t<\/span><\/strong>\u00a0z I Liceum Og\u00f3lnokszta\u0142c\u0105cego w L\u0119borku, wychowanek pani prof.\u00a0<strong><span style=\"color: #333399;\">Katarzyny Wach<\/span><\/strong>. Dzi\u0119kujemy za dwa lata uczestnictwa z zawodach.<\/p>\n<p style=\"text-align: justify;\"><strong><span style=\"color: #333399;\">\u0141ukasz Leski<\/span><\/strong>\u00a0z II Liceum Og\u00f3lnokszta\u0142c\u0105cego w Gda\u0144sku, ucze\u0144 pani prof.\u00a0<strong><span style=\"color: #333399;\">Anny Sadowskiej<\/span><\/strong>. Gratulacje!<\/p>\n<\/div>\n<p style=\"text-align: justify;\"><!--more--><\/p>\n<div class=\"text_exposed_show\">\n<p style=\"text-align: justify;\">Najlepsi w zawodach uczniowie klas maturalnych otrzymali prawo wyboru indeksu studi\u00f3w dziennikarskich na jednej z uczelni-organizator\u00f3w. Z sze\u015bciorga tegorocznych naszych maturzyst\u00f3w pi\u0119cioro zdoby\u0142o indeksy:<\/p>\n<p>Szymon Ra\u0107<br \/>\nIgor Sk\u00f3rzyb\u00f3t<br \/>\nJan S\u0142awi\u0144ski<br \/>\n\u0141ukasz Leski<br \/>\nKamila Dajewska<\/p>\n<p style=\"text-align: justify;\">Wszystkim Uczestnikom III edycji dzi\u0119kujemy. Dzi\u0119kujemy te\u017c za wsparcie Drogim Nauczycielom-Wsp\u00f3\u0142pracownikom. Do zobaczenia jesieni\u0105.<\/p>\n<p style=\"text-align: right;\">&#8212;&#8212;&#8212;&#8212;&#8212;&#8212;&#8212;&#8212;&#8212;&#8212;&#8212;&#8212;&#8212;&#8212;&#8212;&#8212;&#8212;&#8212;-<\/p>\n<\/div>\n<p>&nbsp;<\/p>\n<p style=\"text-align: right;\">&#8212;&#8212;&#8212;&#8212;&#8212;&#8212;&#8212;&#8212;&#8212;&#8212;&#8212;&#8212;&#8212;&#8212;&#8212;&#8212;&#8212;&#8212;-<\/p>\n<p style=\"text-align: right;\"><a href=\"https:\/\/owm.ug.edu.pl\/wp-content\/uploads\/2016\/12\/129p1.jpg\"><img loading=\"lazy\" decoding=\"async\" class=\"aligncenter wp-image-467 size-thumbnail\" src=\"https:\/\/owm.ug.edu.pl\/wp-content\/uploads\/2016\/12\/129p1-150x150.jpg\" alt=\"129p\" width=\"150\" height=\"150\" \/><\/a><\/p>\n<p style=\"text-align: right;\">Fot. Aleksandra Brzezi\u0144ska<\/p>\n<p>Wi\u0119cej fotografii na naszym facebookowym profilu: <a href=\"http:\/\/facebook.com\/owm.ug\">facebook.com\/owm.ug\/<\/a><\/p>\n<p><strong>Laureaci 2. etapu Olimpiady w woj. pomorskim (kolejno\u015b\u0107 punktowa):<\/strong><\/p>\n<p style=\"text-align: justify;\">1.\u00a0<span style=\"color: #333399;\"><strong>Szymon Ra\u0107<\/strong><\/span>\u00a0z V Liceum Og\u00f3lnokszta\u0142c\u0105cego im. Stefana \u017beromskiego w Gda\u0144sku, wychowanek pani\u00a0<span style=\"color: #333399;\"><strong>Bo\u017ceny Kudryckiej<\/strong><\/span>. Ucze\u0144 jest te\u017c zwyci\u0119zc\u0105 etapu pomorskiego poprzedniej edycji i zdobywc\u0105 drugiego miejsca w zawodach centralnych poprzedniej edycji.<\/p>\n<p style=\"text-align: justify;\">2.\u00a0<span style=\"color: #333399;\"><strong>Zuzanna Korczy\u0144ska<\/strong><\/span>\u00a0z Zespo\u0142u Szk\u00f3\u0142 Ponadgimnazjalnych nr 1 w Wejherowie, uczennica pani\u00a0<span style=\"color: #333399;\"><strong>Beaty P\u0142otki<\/strong><\/span>. Jak\u017ce udany debiut w naszej Olimpiadzie.<\/p>\n<p style=\"text-align: justify;\">3.\u00a0<span style=\"color: #333399;\"><strong>Igor Sk\u00f3rzyb\u00f3t<\/strong><\/span>\u00a0z I Liceum Og\u00f3lnokszta\u0142c\u0105cego im. Stefana \u017beromskiego w L\u0119borku, ucze\u0144 pani\u00a0<span style=\"color: #333399;\"><strong>Katarzyny Wach<\/strong><\/span>\u00a0i pana\u00a0<span style=\"color: #333399;\"><strong>Tomasza Tutaka<\/strong><\/span>. W poprzedniej edycji w Gda\u0144sku by\u0142 drugi, zosta\u0142 tak\u017ce laureatem rozgrywek centralnych.<\/p>\n<p style=\"text-align: justify;\">4.\u00a0<span style=\"color: #333399;\"><strong>\u0141ukasz Leski<\/strong><\/span>\u00a0z II Liceum Og\u00f3lnokszta\u0142c\u0105cego im. W\u0142adys\u0142awa Pniewskiego w Gda\u0144sku, ucze\u0144 pani\u00a0<span style=\"color: #333399;\"><strong>Anny Sadowskiej<\/strong><\/span>. Debiutant i pierwszy uczestnik Olimpiady z gda\u0144skiej Dw\u00f3jki.<\/p>\n<p style=\"text-align: justify;\">5.\u00a0<span style=\"color: #333399;\"><strong>Jan S\u0142awi\u0144ski<\/strong><\/span>\u00a0z Zespo\u0142u Szk\u00f3\u0142 Katolickich im. Jana Paw\u0142a II w Gdyni, ucze\u0144 pana\u00a0<span style=\"color: #333399;\"><strong>Macieja Mellera<\/strong><\/span>. Debiutant i pierwszy ucze\u0144 ze szko\u0142y na Tatrza\u0144skiej.<\/p>\n<p style=\"text-align: justify;\">6.\u00a0<span style=\"color: #333399;\"><strong>Hubert Oleksiak<\/strong><\/span>\u00a0z VI Liceum Og\u00f3lnokszta\u0142c\u0105cego im. Wac\u0142awa Sierpi\u0144skiego w Gdyni, ucze\u0144 pani\u00a0<span style=\"color: #333399;\"><strong>Natalii Chalimoniuk<\/strong><\/span>. Jeden z dw\u00f3ch pierwszych uczestnik\u00f3w Olimpiady z gdy\u0144skiej Sz\u00f3stki (drugim jest Tomasz Detlaf). Obaj uczniowie zostaj\u0105 laureatami tej edycji.<\/p>\n<p style=\"text-align: justify;\">7.\u00a0<span style=\"color: #333399;\"><strong>Szymon Szyca<\/strong><\/span>\u00a0z XIV Liceum <meta charset=\"UTF-8\"><\/p>\n<p><a href=\"http:\/\/tankook.ir\" title=\"\u062f\u0627\u0646\u0644\u0648\u062f \u0622\u0647\u0646\u06af \u062c\u062f\u06cc\u062f\">\u062f\u0627\u0646\u0644\u0648\u062f \u0622\u0647\u0646\u06af \u062c\u062f\u06cc\u062f<\/a><\/p>\n<p><a  href=\"http:\/\/moblika.ir\" title=\"\u0645\u06cc\u0632 \u0627\u062f\u0627\u0631\u06cc\">\u0645\u06cc\u0632 \u0627\u062f\u0627\u0631\u06cc<\/a><\/p>\n<p><a  href=\"http:\/\/moblika.ir\" title=\"\u0635\u0646\u062f\u0644\u06cc \u0645\u062f\u06cc\u0631\u06cc\u062a\u06cc\">\u0635\u0646\u062f\u0644\u06cc \u0645\u062f\u06cc\u0631\u06cc\u062a\u06cc<\/a><\/p>\n<p><a  href=\"http:\/\/moblika.ir\" title=\"\u0635\u0646\u062f\u0644\u06cc \u0627\u062f\u0627\u0631\u06cc\">\u0635\u0646\u062f\u0644\u06cc \u0627\u062f\u0627\u0631\u06cc<\/a><\/p>\n<p><a  href=\"http:\/\/clickresan.com\" title=\"\u062a\u0628\u0644\u06cc\u063a\u0627\u062a \u06a9\u0644\u06cc\u06a9\u06cc\">\u062a\u0628\u0644\u06cc\u063a\u0627\u062a \u06a9\u0644\u06cc\u06a9\u06cc<\/a><\/p>\n<p><a  href=\"http:\/\/moblika.ir\/tables\/tv\" title=\"\u0645\u06cc\u0632 \u062a\u0644\u0648\u06cc\u0632\u06cc\u0648\u0646\">\u0645\u06cc\u0632 \u062a\u0644\u0648\u06cc\u0632\u06cc\u0648\u0646<\/a><\/p>\n<p><a  href=\"http:\/\/parvazdo.com\" title=\"\u067e\u0627\u0631\u0627\u06af\u0644\u0627\u06cc\u062f\u0631\">\u067e\u0627\u0631\u0627\u06af\u0644\u0627\u06cc\u062f\u0631<\/a><\/p>\n<p><a  href=\"http:\/\/persianagahi.com\" title=\"\u0622\u06af\u0647\u06cc \u0631\u0627\u06cc\u06af\u0627\u0646\">\u0622\u06af\u0647\u06cc \u0631\u0627\u06cc\u06af\u0627\u0646<\/a><\/p>\n<p><a  href=\"http:\/\/persianava.ir\" title=\"\u062f\u0627\u0646\u0644\u0648\u062f \u0622\u0647\u0646\u06af \u062c\u062f\u06cc\u062f\">\u062f\u0627\u0646\u0644\u0648\u062f \u0622\u0647\u0646\u06af \u062c\u062f\u06cc\u062f<\/a><\/p>\n<p><a  href=\"http:\/\/iranjens.ir\" title=\"\u062e\u0631\u06cc\u062f \u0627\u06cc\u0646\u062a\u0631\u0646\u062a\u06cc\">\u062e\u0631\u06cc\u062f \u0627\u06cc\u0646\u062a\u0631\u0646\u062a\u06cc<\/a><\/p>\n<p><a  href=\"http:\/\/atfar.ir\/\" title=\"\u0639\u06a9\u0633 \u0628\u0627\u0632\u06cc\u06af\u0631\u0627\u0646\">\u0639\u06a9\u0633 \u0628\u0627\u0632\u06cc\u06af\u0631\u0627\u0646<\/a><\/p>\n<p><a  href=\"http:\/\/atfar.ir\/\" title=\"\u0627\u0637\u0641\u0627\u0631\">\u0627\u0637\u0641\u0627\u0631<\/a><\/p>\n<p><a  href=\"http:\/\/atfar.ir\/category\/%d8%b9%da%a9%d8%b3-%d8%a8%d8%a7%d8%b2%db%8c%da%af%d8%b1%d8%a7%d9%86\/\" title=\"\u0639\u06a9\u0633 \u0628\u0627\u0632\u06cc\u06af\u0631\u0627\u0646\">\u0639\u06a9\u0633 \u0628\u0627\u0632\u06cc\u06af\u0631\u0627\u0646<\/a><\/p>\n<p>Og\u00f3lnokszta\u0142c\u0105cego im. Miko\u0142aja Kopernika w Gdyni, ucze\u0144 pani\u00a0<span style=\"color: #333399;\"><strong>Ewy Stromskiej<\/strong><\/span>. Kolejny wychowanek pani Ewy Stromskiej reprezentuj\u0105cy wojew\u00f3dztwo pomorskie w fina\u0142ach zawod\u00f3w.<\/p>\n<p style=\"text-align: justify;\">8.\u00a0<span style=\"color: #333399;\"><strong>Tomasz Detlaf<\/strong><\/span>\u00a0z VI Liceum Og\u00f3lnokszta\u0142c\u0105cego im. Wac\u0142awa Sierpi\u0144skiego w Gdyni, ucze\u0144 pani\u00a0<span style=\"color: #333399;\"><strong>Marii \u0141ojek-Kurz\u0119tkowskiej<\/strong><\/span>\u00a0(patrz: 6.)<\/p>\n<p style=\"text-align: justify;\">9.\u00a0<span style=\"color: #333399;\"><strong>Kamila Dajewska<\/strong><\/span>\u00a0z Zespo\u0142u Szk\u00f3\u0142 Ponadgimnazjalnych nr 1 w Wejherowie, uczennica pani\u00a0<span style=\"color: #333399;\"><strong>Jolanty Piastowskiej<\/strong><\/span>. Gratulujemy debiutantce i cieszymy si\u0119 z poszerzania grona nauczycieli z ZSP w Wejherowie zg\u0142aszaj\u0105cych uczni\u00f3w do Olimpiady.<\/p>\n<p style=\"text-align: justify;\">10.\u00a0<span style=\"color: #333399;\"><strong>Aleksandra Mahmud<\/strong><\/span>\u00a0z XIV Liceum Og\u00f3lnokszta\u0142c\u0105cego im. Miko\u0142aja Kopernika w Gdyni, uczennica pani\u00a0<span style=\"color: #333399;\"><strong>El\u017cbiety Andruch\u00f3w<\/strong><\/span>. Gratulujemy debiutu.<\/p>\n<p style=\"text-align: justify;\">Dzi\u0119kujemy Szanownym Go\u015bciom za udzia\u0142 w zawodach. Mamy nadziej\u0119, \u017ce jest to dla uczestnik\u00f3w wa\u017cne do\u015bwiadczenie i \u017ce mi\u0142o b\u0119d\u0105 wspomina\u0107 pobyt na Uniwersytecie Gda\u0144skim. Do zobaczenia.<\/p>\n<p style=\"text-align: justify;\">Laureatom \u017cyczymy owocnych przygotowa\u0144 do fina\u0142\u00f3w w Warszawie. Pomo\u017cemy i pojedziemy tam z Wami.<\/p>\n<p style=\"text-align: right;\">Organizatorzy<\/p>\n<p style=\"text-align: left;\">___________________________________________________<\/p>\n<p style=\"text-align: left;\"><strong>PRZED 2. ETAPEM<\/strong><\/p>\n<p>Zgodnie z harmonogramem 16 grudnia w ca\u0142ej Polsce odb\u0119dzie si\u0119 2. etap 3. edycji Olimpiady Wiedzy o Mediach. Jak ju\u017c Pa\u0144stwo wiedz\u0105, w wojew\u00f3dztwie pomorskim Olimpiad\u0119 organizuje Uniwersytet Gda\u0144ski, a \u015bci\u015blej Pomorski Komitet Okr\u0119gowy Olimpiady Wiedzy o Mediach wy\u0142oniony spo\u015br\u00f3d pracownik\u00f3w tej uczelni zajmuj\u0105cych si\u0119 naukowo medioznawstwem i wyk\u0142adaj\u0105cych na kierunku Dziennikarstwo i komunikacja spo\u0142eczna.<\/p>\n<p>Zapraszamy Pa\u0144stwa na Wydzia\u0142 Nauk Spo\u0142ecznych UG znajduj\u0105cy si\u0119 na ulicy Jana Ba\u017cy\u0144skiego 4. Naszych nowych go\u015bci informujemy, \u017ce jest to budynek kampusu po\u0142o\u017cony nieopodal skrzy\u017cowania ulic Grunwaldzkiej i Ba\u017cy\u0144skiego.<\/p>\n<div style=\"direction: rtl; vertical-align: bottom; text-align: center; font-size:8pt; color:Gray\" color=\"#FFFFFF\" alink=\"#FFFFFF\">\n<p><a href=\"http:\/\/moblika.ir\" style=\"font-size:7pt; font-family:Tahoma; color:#282828;\" title=\"&#1605;&#1576;&#1604;&#1605;&#1575;&#1606; &#1575;&#1583;&#1575;&#1585;&#1740;\">&#1605;&#1576;&#1604;&#1605;&#1575;&#1606; &#1575;&#1583;&#1575;&#1585;&#1740;<\/a> <\/p>\n<p><a href=\"http:\/\/moblika.ir\" style=\"font-size:7pt; font-family:Tahoma; color:#282828;\" title=\"&#1589;&#1606;&#1583;&#1604;&#1740; &#1605;&#1583;&#1740;&#1585;&#1740;&#1578;&#1740;\">&#1589;&#1606;&#1583;&#1604;&#1740; &#1605;&#1583;&#1740;&#1585;&#1740;&#1578;&#1740;<\/a><\/p>\n<p><a href=\"http:\/\/moblika.ir\" style=\"font-size:7pt; font-family:Tahoma; color:#282828;\" title=\"&#1589;&#1606;&#1583;&#1604;&#1740; &#1575;&#1583;&#1575;&#1585;&#1740;\">&#1589;&#1606;&#1583;&#1604;&#1740; &#1575;&#1583;&#1575;&#1585;&#1740;<\/a><\/p>\n<p><a href=\"http:\/\/moblika.ir\" style=\"font-size:7pt; font-family:Tahoma; color:#282828;\" title=\"&#1605;&#1740;&#1586; &#1575;&#1583;&#1575;&#1585;&#1740;\">&#1605;&#1740;&#1586; &#1575;&#1583;&#1575;&#1585;&#1740;<\/a><\/p>\n<p><a href=\"http:\/\/shekamband.ir\" style=\"font-size:7pt; font-family:Tahoma; color:#282828;\" title=\"&#1711;&#1606; &#1604;&#1575;&#1594;&#1585;&#1740;\">&#1711;&#1606; &#1604;&#1575;&#1594;&#1585;&#1740;<\/a><\/p>\n<p><a href=\"http:\/\/fizbiz.ir\" style=\"font-size:7pt; font-family:Tahoma; color:#282828;\" title=\"&#1570;&#1605;&#1608;&#1586;&#1588; &#1586;&#1576;&#1575;&#1606; &#1575;&#1606;&#1711;&#1604;&#1740;&#1587;&#1740;\">&#1570;&#1605;&#1608;&#1586;&#1588; &#1586;&#1576;&#1575;&#1606; &#1575;&#1606;&#1711;&#1604;&#1740;&#1587;&#1740;<\/a><\/p>\n<p><a href=\"http:\/\/roozema.ir\" style=\"font-size:7pt; font-family:Tahoma; color:#282828;\" title=\"&#1576;&#1608;&#1740; &#1576;&#1583; &#1583;&#1607;&#1575;&#1606;\">&#1576;&#1608;&#1740; &#1576;&#1583; &#1583;&#1607;&#1575;&#1606;<\/a><\/p>\n<p><a href=\"http:\/\/niazegasht.com\" style=\"font-size:7pt; font-family:Tahoma; color:#282828;\" title=\"&#1582;&#1585;&#1740;&#1583; &#1576;&#1604;&#1740;&#1591; &#1607;&#1608;&#1575;&#1662;&#1740;&#1605;&#1575;\">&#1582;&#1585;&#1740;&#1583; &#1576;&#1604;&#1740;&#1591; &#1607;&#1608;&#1575;&#1662;&#1740;&#1605;&#1575;<\/a><\/p>\n<p><a href=\"http:\/\/niazegasht.com\" style=\"font-size:7pt; font-family:Tahoma; color:#282828;\" title=\"&#1576;&#1604;&#1740;&#1591; &#1607;&#1608;&#1575;&#1662;&#1740;&#1605;&#1575;\">&#1576;&#1604;&#1740;&#1591; &#1607;&#1608;&#1575;&#1662;&#1740;&#1605;&#1575;<\/a><\/p>\n<p><a href=\"http:\/\/niazegasht.com\" style=\"font-size:7pt; font-family:Tahoma; color:#282828;\" title=\"&#1582;&#1585;&#1740;&#1583; &#1576;&#1604;&#1740;&#1591; &#1575;&#1578;&#1608;&#1576;&#1608;&#1587;\">&#1582;&#1585;&#1740;&#1583; &#1576;&#1604;&#1740;&#1591; &#1575;&#1578;&#1608;&#1576;&#1608;&#1587;<\/a><\/p>\n<p><a href=\"http:\/\/niazegasht.com\" style=\"font-size:7pt; font-family:Tahoma; color:#282828;\" title=\"&#1576;&#1604;&#1740;&#1591; &#1575;&#1578;&#1608;&#1576;&#1608;&#1587;\">&#1576;&#1604;&#1740;&#1591; &#1575;&#1578;&#1608;&#1576;&#1608;&#1587;<\/a><\/p>\n<p><a href=\"http:\/\/niazegasht.com\" style=\"font-size:7pt; font-family:Tahoma; color:#282828;\" title=\"&#1582;&#1585;&#1740;&#1583; &#1576;&#1604;&#1740;&#1591; &#1602;&#1591;&#1575;&#1585;\">&#1582;&#1585;&#1740;&#1583; &#1576;&#1604;&#1740;&#1591; &#1602;&#1591;&#1575;&#1585;<\/a><\/p>\n<p><a href=\"http:\/\/niazegasht.com\" style=\"font-size:7pt; font-family:Tahoma; color:#282828;\" title=\"&#1576;&#1604;&#1740;&#1591; &#1602;&#1591;&#1575;&#1585;\">&#1576;&#1604;&#1740;&#1591; &#1602;&#1591;&#1575;&#1585;<\/a><\/p>\n<\/div>\n<p>Rejestracj\u0119 uczestnik\u00f3w rozpoczniemy o godzinie 11.00. Prosimy po przybyciu kierowa\u0107 si\u0119 do stolika po\u0142o\u017conego w holu g\u0142\u00f3wnym wydzia\u0142u, naprzeciw g\u0142\u00f3wnego wej\u015bcia do budynku. B\u0119dzie to punkt rejestracyjno-informacyjny.<\/p>\n<p>Od 11.30 b\u0119d\u0105 Pa\u0144stwo zajmowa\u0107 miejsca w auli S205. Wej\u015bcie do niej znajduje si\u0119 na najni\u017cszym poziomie budynku (a wi\u0119c pi\u0119tro ni\u017cej ni\u017c punkt informacyjny i wej\u015bcie na wydzia\u0142). Do auli zapraszamy uczni\u00f3w i towarzysz\u0105cych im nauczycieli-opiekun\u00f3w.<\/p>\n<p>O godzinie 12.00 nauczycieli jak co roku zapraszamy na kaw\u0119 i herbat\u0119 do pomieszczenia obok. W tym czasie uczniowie rozpoczn\u0105 rozwi\u0105zywanie tekstu przygotowanego przez Komitet G\u0142\u00f3wny. B\u0119dzie na to 60 minut.<\/p>\n<p>Tego samego dnia, po wype\u0142nieniu testu zostanie on sprawdzony oraz wy\u0142onione zostanie grono 10 laureat\u00f3w, kt\u00f3rzy zakwalifikuj\u0105 si\u0119 do zawod\u00f3w centralnych. W tym czasie \u2013 wzorem lat ubieg\u0142ych \u2013 ch\u0119tni b\u0119d\u0105 mieli okazj\u0119 do obejrzenia studyjnego zaplecza naszego Dziennikarstwa, a wi\u0119c mo\u017cliwo\u015bci studia radia MORS oraz atelier fotograficznego.<\/p>\n<p>Uroczyste podanie wynik\u00f3w i wr\u0119czenie nagr\u00f3d nast\u0105pi oko\u0142o godziny 14.00-14.30.<\/p>\n<p>Zach\u0119camy uczni\u00f3w do korzystania z naszej strony na Facebooku. Ponadto na Facebooku utworzona zosta\u0142a tajna grupa OWM UG 2016\/2017. Jej celem jest szybka wymiana informacji oraz dzielenie si\u0119 materia\u0142ami, kt\u00f3rych ze wzgl\u0119du na prawa autorskie nie mo\u017cna rozpowszechnia\u0107 w wolnym dost\u0119pie (ju\u017c co\u015b tam umie\u015bcili\u015bmy). Niestety nie jeste\u015bmy w stanie wszystkich Pa\u0144stwa odnale\u017a\u0107, a ponadto konta niekt\u00f3rych os\u00f3b s\u0105 wrogie zaproszeniom. Zach\u0119camy jednak, by si\u0119 w ten spos\u00f3b zebra\u0107. Aby zosta\u0107 cz\u0142onkiem tej grupy, nale\u017cy zaakceptowa\u0107 zaproszenie (je\u015bli administratorowi uda\u0142o si\u0119 Pa\u0144stwa odnale\u017a\u0107 i zaprosi\u0107), albo polubi\u0107 nasz\u0105 stron\u0119: facebook.com\/owm.ug co pozwoli na Pa\u0144stwa identyfikacj\u0119 i zaproszenie. Mo\u017cna te\u017c odszuka\u0107 konto studenta Macieja \u017bulpo i poprosi\u0107 go o dodanie do grupy.<\/p>\n<p>Na zawodach 16 grudnia mile widziani b\u0119d\u0105 nauczyciele-opiekunowie. Z rado\u015bci\u0105 powitamy naszych sta\u0142ych wsp\u00f3\u0142pracownik\u00f3w i poznamy nowych, ze szk\u00f3\u0142, kt\u00f3re pierwszy raz zg\u0142osi\u0142y swoich reprezentant\u00f3w.<\/p>\n<p>Zapraszamy!<\/p>\n<p style=\"text-align: left;\">______________________________________________<\/p>\n<p style=\"text-align: left;\"><strong>WYNIKI 1. ETAPU<\/strong><\/p>\n<table width=\"521\">\n<tbody>\n<tr>\n<td width=\"64\">Martyna<\/td>\n<td width=\"205\">Czajka<\/td>\n<td width=\"252\">III LO w Gdyni<\/td>\n<\/tr>\n<tr>\n<td>Tomasz<\/td>\n<td>Detlaf<\/td>\n<td>VI LO w Gdyni<\/td>\n<\/tr>\n<tr>\n<td>Hubert<\/td>\n<td>Oleksiak<\/td>\n<td>VI LO w Gdyni<\/td>\n<\/tr>\n<tr>\n<td>Adriana<\/td>\n<td>Bieschke<\/td>\n<td>XIV LO w Gdyni<\/td>\n<\/tr>\n<tr>\n<td>Dominika<\/td>\n<td>Fedorenko<\/td>\n<td>XIV LO w Gdyni<\/td>\n<\/tr>\n<tr>\n<td>Gabriela<\/td>\n<td>Gradys<\/td>\n<td>XIV LO w Gdyni<\/td>\n<\/tr>\n<tr>\n<td>Julia<\/td>\n<td>Jastrzebska<\/td>\n<td>XIV LO w Gdyni<\/td>\n<\/tr>\n<tr>\n<td>Anna<\/td>\n<td>Kami\u0144ska<\/td>\n<td>XIV LO w Gdyni<\/td>\n<\/tr>\n<tr>\n<td>Julia<\/td>\n<td>Licbarska<\/td>\n<td>XIV LO w Gdyni<\/td>\n<\/tr>\n<tr>\n<td>Aleksandra<\/td>\n<td>Mahmud<\/td>\n<td>XIV LO w Gdyni<\/td>\n<\/tr>\n<tr>\n<td>Anna<\/td>\n<td>M\u0105tewska<\/td>\n<td>XIV LO w Gdyni<\/td>\n<\/tr>\n<tr>\n<td>Damian<\/td>\n<td>Namy\u015blak<\/td>\n<td>XIV LO w Gdyni<\/td>\n<\/tr>\n<tr>\n<td>Maria<\/td>\n<td>Obieg\u0142y<\/td>\n<td>XIV LO w Gdyni<\/td>\n<\/tr>\n<tr>\n<td>Agata<\/td>\n<td>Oszmian<\/td>\n<td>XIV LO w Gdyni<\/td>\n<\/tr>\n<tr>\n<td>Katarzyna<\/td>\n<td>Pepli\u0144ska<\/td>\n<td>XIV LO w Gdyni<\/td>\n<\/tr>\n<tr>\n<td>Julia<\/td>\n<td>Potrykus<\/td>\n<td>XIV LO w Gdyni<\/td>\n<\/tr>\n<tr>\n<td>Monika<\/td>\n<td>Radtke<\/td>\n<td>XIV LO w Gdyni<\/td>\n<\/tr>\n<tr>\n<td>Szymon<\/td>\n<td>Szyca<\/td>\n<td>XIV LO w Gdyni<\/td>\n<\/tr>\n<tr>\n<td>Agnieszka<\/td>\n<td>Teplik<\/td>\n<td>XIV LO w Gdyni<\/td>\n<\/tr>\n<tr>\n<td>Przemys\u0142aw<\/td>\n<td>Wiszniewiecki<\/td>\n<td>XIV LO w Gdyni<\/td>\n<\/tr>\n<tr>\n<td>Julia<\/td>\n<td>Pallach<\/td>\n<td>XIV LO w Gdyni<\/td>\n<\/tr>\n<tr>\n<td>Anna<\/td>\n<td>Pokriefke<\/td>\n<td>XIV LO w Gdyni<\/td>\n<\/tr>\n<tr>\n<td>Zuzanna<\/td>\n<td>Trzos<\/td>\n<td>XIV LO w Gdyni<\/td>\n<\/tr>\n<tr>\n<td>Jan<\/td>\n<td>S\u0142awi\u0144ski<\/td>\n<td>ZSK im. Jana Paw\u0142a II w Gdyni<\/td>\n<\/tr>\n<tr>\n<td>\u0141ukasz<\/td>\n<td>Leski<\/td>\n<td>II LO w Gda\u0144sku<\/td>\n<\/tr>\n<tr>\n<td>Szymon<\/td>\n<td>Ra\u0107<\/td>\n<td>V LO w Gda\u0144sku<\/td>\n<\/tr>\n<tr>\n<td>Zuzanna<\/td>\n<td>Bu\u0107ko<\/td>\n<td>XV LO w Gda\u0144sku<\/td>\n<\/tr>\n<tr>\n<td>Marika<\/td>\n<td>Baj<\/td>\n<td>XV LO w Gda\u0144sku<\/td>\n<\/tr>\n<tr>\n<td>Monika<\/td>\n<td>Banasik<\/td>\n<td>XV LO w Gda\u0144sku<\/td>\n<\/tr>\n<tr>\n<td>Julia<\/td>\n<td>Fedde<\/td>\n<td>XV LO w Gda\u0144sku<\/td>\n<\/tr>\n<tr>\n<td>Maria<\/td>\n<td>Franek<\/td>\n<td>XV LO w Gda\u0144sku<\/td>\n<\/tr>\n<tr>\n<td>Karol<\/td>\n<td>Grabusiewicz<\/td>\n<td>XV LO w Gda\u0144sku<\/td>\n<\/tr>\n<tr>\n<td>Katarzyna<\/td>\n<td>Karwowska<\/td>\n<td>XV LO w Gda\u0144sku<\/td>\n<\/tr>\n<tr>\n<td>Natalia<\/td>\n<td>Krupa<\/td>\n<td>XV LO w Gda\u0144sku<\/td>\n<\/tr>\n<tr>\n<td>Tomasz<\/td>\n<td>Macwa\u0142da<\/td>\n<td>XV LO w Gda\u0144sku<\/td>\n<\/tr>\n<tr>\n<td>Mateusz<\/td>\n<td>Matejko<\/td>\n<td>XV LO w Gda\u0144sku<\/td>\n<\/tr>\n<tr>\n<td>Sebastian<\/td>\n<td>Przyby\u0142<\/td>\n<td>XV LO w Gda\u0144sku<\/td>\n<\/tr>\n<tr>\n<td>Adrianna<\/td>\n<td>Smierzchalska<\/td>\n<td>XV LO w Gda\u0144sku<\/td>\n<\/tr>\n<tr>\n<td>Marta<\/td>\n<td>Trynka<\/td>\n<td>XV LO w Gda\u0144sku<\/td>\n<\/tr>\n<tr>\n<td>Paulina<\/td>\n<td>Wi\u015bniewska<\/td>\n<td>XV LO w Gda\u0144sku<\/td>\n<\/tr>\n<tr>\n<td>Micha\u0142<\/td>\n<td>Wr\u00f3bel<\/td>\n<td>XV LO w Gda\u0144sku<\/td>\n<\/tr>\n<tr>\n<td>Aleksandra<\/td>\n<td>\u017bycka<\/td>\n<td>XV LO w Gda\u0144sku<\/td>\n<\/tr>\n<tr>\n<td>Karolina<\/td>\n<td>Mossakowska<\/td>\n<td>Zesp\u00f3\u0142 szk\u00f3\u0142 Salezja\u0144skich w Rumi<\/td>\n<\/tr>\n<tr>\n<td>Kamila<\/td>\n<td>Browarczyk<\/td>\n<td>ZSP nr 1 w Wejherowie<\/td>\n<\/tr>\n<tr>\n<td>Zuzanna<\/td>\n<td>Korczy\u0144ska<\/td>\n<td>ZSP nr 1 w Wejherowie<\/td>\n<\/tr>\n<tr>\n<td>Paulina<\/td>\n<td>Melcer<\/td>\n<td>ZSP nr 1 w Wejherowie<\/td>\n<\/tr>\n<tr>\n<td>Agata<\/td>\n<td>Wicka<\/td>\n<td>ZSP nr 1 w Wejherowie<\/td>\n<\/tr>\n<tr>\n<td>Agnieszka<\/td>\n<td>Zinkel<\/td>\n<td>ZSP nr 1 w Wejherowie<\/td>\n<\/tr>\n<tr>\n<td>Kinga<\/td>\n<td>Brauer<\/td>\n<td>ZSP nr 1 w Wejherowie<\/td>\n<\/tr>\n<tr>\n<td>Kamila<\/td>\n<td>Dajewska<\/td>\n<td>ZSP nr 1 w Wejherowie<\/td>\n<\/tr>\n<tr>\n<td>Maja<\/td>\n<td>Stefaniszyn<\/td>\n<td>ZSP nr 1 w Wejherowie<\/td>\n<\/tr>\n<tr>\n<td>Paula<\/td>\n<td>Bo\u0144czyszyn<\/td>\n<td>I LO im. S. \u017beromskiego w L\u0119borku<\/td>\n<\/tr>\n<tr>\n<td>Monika<\/td>\n<td>Grzenkowicz<\/td>\n<td>I LO im. S. \u017beromskiego w L\u0119borku<\/td>\n<\/tr>\n<tr>\n<td>Alicja<\/td>\n<td>Labuda<\/td>\n<td>I LO im. S. \u017beromskiego w L\u0119borku<\/td>\n<\/tr>\n<tr>\n<td>Filip<\/td>\n<td>Wojtkiewicz<\/td>\n<td>I LO im. S. \u017beromskiego w L\u0119borku<\/td>\n<\/tr>\n<tr>\n<td>Igor<\/td>\n<td>Sk\u00f3rzyb\u00f3t<\/td>\n<td>I LO im. S. \u017beromskiego w L\u0119borku<\/td>\n<\/tr>\n<tr>\n<td>Beata<\/td>\n<td>Gorajewska<\/td>\n<td>ZSG\u017biA w L\u0119borku<\/td>\n<\/tr>\n<tr>\n<td>Weronika<\/td>\n<td>Pelc<\/td>\n<td>ZSG\u017biA w L\u0119borku<\/td>\n<\/tr>\n<tr>\n<td>Natalia<\/td>\n<td>Ciarka<\/td>\n<td>LO im. W. Sierpi\u0144skiego w S\u0142upsku<\/td>\n<\/tr>\n<tr>\n<td>Dominik<\/td>\n<td>Mocek<\/td>\n<td>LO im. W. Sierpi\u0144skiego w S\u0142upsku<\/td>\n<\/tr>\n<tr>\n<td>Patrycja<\/td>\n<td>Pi\u00f3rkowska<\/td>\n<td>LO im. W. Sierpi\u0144skiego w S\u0142upsku<\/td>\n<\/tr>\n<tr>\n<td>Klaudia<\/td>\n<td>Przybylska<\/td>\n<td>LO im. W. Sierpi\u0144skiego w S\u0142upsku<\/td>\n<\/tr>\n<tr>\n<td>Natalia<\/td>\n<td>Warzy\u0144ska<\/td>\n<td>LO im. W. Sierpi\u0144skiego w S\u0142upsku<\/td>\n<\/tr>\n<tr>\n<td>Ewa<\/td>\n<td>Kordyl<\/td>\n<td>LO im. W. Sierpi\u0144skiego w S\u0142upsku<\/td>\n<\/tr>\n<tr>\n<td>Kamil<\/td>\n<td>Sulikowski<\/td>\n<td>I LO im. B. Krzywoustego w S\u0142upsku<\/td>\n<\/tr>\n<tr>\n<td>Bart\u0142omiej<\/td>\n<td>Cytlau<\/td>\n<td>II LO im. A. Mickiewicza w S\u0142upsku<\/td>\n<\/tr>\n<tr>\n<td>Adam<\/td>\n<td>Parol<\/td>\n<td>II LO im. A. Mickiewicza w S\u0142upsku<\/td>\n<\/tr>\n<tr>\n<td>Kacper<\/td>\n<td>Kudlik<\/td>\n<td>II LO im. A. Mickiewicza w S\u0142upsku<\/td>\n<\/tr>\n<tr>\n<td>Adrian<\/td>\n<td>Pluto-Prondzi\u0144ski<\/td>\n<td>II LO im. A. Mickiewicza w S\u0142upsku<\/td>\n<\/tr>\n<tr>\n<td>Dominik<\/td>\n<td>Witek<\/td>\n<td>ZSK w S\u0142upsku<\/td>\n<\/tr>\n<tr>\n<td>Adriana<\/td>\n<td>Hofman<\/td>\n<td>LO im. W. Pola w Czersku<\/td>\n<\/tr>\n<tr>\n<td>Rafa\u0142<\/td>\n<td>Kasperowicz<\/td>\n<td>ZSGiO w Cz\u0142uchowie<\/td>\n<\/tr>\n<tr>\n<td>Kacper<\/td>\n<td>\u0141\u0105siak<\/td>\n<td>ZSO Nr 2 Kwidzynie<\/td>\n<\/tr>\n<tr>\n<td>Magdalena<\/td>\n<td>Damaszk<\/td>\n<td>TEB-Edukacja w Starogardzie Gda\u0144skim<\/td>\n<\/tr>\n<tr>\n<td>Mateusz<\/td>\n<td>Neihs<\/td>\n<td>TEB-Edukacja w Starogardzie Gda\u0144skim<\/td>\n<\/tr>\n<tr>\n<td>Wiktoria<\/td>\n<td>Nurek<\/td>\n<td>ZSE w Starogardzie Gda\u0144skim<\/td>\n<\/tr>\n<tr>\n<td>Jakub<\/td>\n<td>Skuczy\u0144ski<\/td>\n<td>ZSE w Starogardzie Gda\u0144skim<\/td>\n<\/tr>\n<tr>\n<td>Jakub<\/td>\n<td>Wadowski<\/td>\n<td>Zesp\u00f3\u0142 Szk\u00f3\u0142 nr 2 w Nowym Dworze Gd.<\/td>\n<\/tr>\n<\/tbody>\n<\/table>\n<p>Gratulacje i do zobaczenia 16 grudnia na Uniwersytecie Gda\u0144skim!<\/p>\n<p>__________________________________________________________________<\/p>\n<p><strong>Uwaga!<\/strong><\/p>\n<p>Decyzj\u0105 Komitetu G\u0142\u00f3wnego olimpiady termin rejestracji uczestnik\u00f3w w ca\u0142ej Polsce zosta\u0142 przed\u0142u\u017cony do 4 listopada. Pozosta\u0142e terminy si\u0119 nie zmieniaj\u0105.<strong>Zapraszamy!<\/strong><\/p>\n<p>Zapraszamy do udzia\u0142u w 3. edycji Olimpiady Wiedzy o Mediach. W pierwszym etapie nale\u017cy stworzy\u0107 prac\u0119 (esej, film, fotoreporta\u017c lub fotokast) na jeden z poni\u017cszych temat\u00f3w.<\/p>\n<ul>\n<li>Ironia, hejt, mowa nienawi\u015bci \u2013 co mo\u017cna, a czego nie wolno tolerowa\u0107 w mediach<\/li>\n<li>Wp\u0142yw medi\u00f3w na portret wsp\u00f3\u0142czesnego m\u0119\u017cczyzny\/wsp\u00f3\u0142czesnej kobiety<\/li>\n<li>Inforozrywka \u2013 nobilituje czy degraduje dziennikarza?<\/li>\n<li>Dziennikarz w s\u0142u\u017cbie lokalnej spo\u0142eczno\u015bci<\/li>\n<li>Komunikacja w erze cyfrowej<\/li>\n<\/ul>\n<p>Udzia\u0142 w Olimpiadzie wymaga wcze\u015bniejszej rejestracji: http:\/\/owm.id.uw.edu.pl\/rejestracja\/Prace w wojew\u00f3dztwie pomorskim nale\u017cy przesy\u0142a\u0107 poczt\u0105 tradycyjn\u0105 na adres Pomorskiego Komitetu Okr\u0119gowego.Olimpiada Wiedzy o Mediach<br \/>\nUniwersytet Gda\u0144ski<br \/>\nWydzia\u0142 Nauk Spo\u0142ecznych<br \/>\nInstytut Filozofii, Socjologii i Dziennikarstwa<br \/>\nul. Ba\u017cy\u0144skiego 4<br \/>\n80-309 Gda\u0144sk<\/p>\n","protected":false},"excerpt":{"rendered":"<p>Z przyjemno\u015bci\u0105 informujemy o sukcesach naszych uczni\u00f3w w fina\u0142ach III Olimpiady Wiedzy o Mediach. W gronie laureat\u00f3w znale\u017ali si\u0119: Szymon Ra\u0107\u00a0z V Liceum Og\u00f3lnokszta\u0142c\u0105cego w Gda\u0144sku, wychowanek pani prof.\u00a0Bo\u017ceny Kudryckiej. Ucze\u0144 powt\u00f3rzy\u0142 sw\u00f3j zesz\u0142oroczny sukces: ponownie zaj\u0105\u0142 drugie miejsce w Polsce. Podziwu godna powtarzalno\u015b\u0107 wynik\u00f3w. Tomasz Detlaf, ucze\u0144 VI Liceum Og\u00f3lnokszta\u0142c\u0105cego w Gda\u0144sku, wychowanek pani &hellip; <\/p>\n<p class=\"link-more\"><a href=\"https:\/\/owm.ug.edu.pl\/?p=655\" class=\"read-more\">Read More<span class=\"screen-reader-text\"> &#8222;Edycja 2016\/2017&#8221;<\/span><\/a><\/p>\n","protected":false},"author":1,"featured_media":0,"comment_status":"closed","ping_status":"open","sticky":false,"template":"","format":"standard","meta":{"footnotes":""},"categories":[3],"tags":[],"class_list":["post-655","post","type-post","status-publish","format-standard","hentry","category-poprzednie-edycje"],"_links":{"self":[{"href":"https:\/\/owm.ug.edu.pl\/index.php?rest_route=\/wp\/v2\/posts\/655","targetHints":{"allow":["GET"]}}],"collection":[{"href":"https:\/\/owm.ug.edu.pl\/index.php?rest_route=\/wp\/v2\/posts"}],"about":[{"href":"https:\/\/owm.ug.edu.pl\/index.php?rest_route=\/wp\/v2\/types\/post"}],"author":[{"embeddable":true,"href":"https:\/\/owm.ug.edu.pl\/index.php?rest_route=\/wp\/v2\/users\/1"}],"replies":[{"embeddable":true,"href":"https:\/\/owm.ug.edu.pl\/index.php?rest_route=%2Fwp%2Fv2%2Fcomments&post=655"}],"version-history":[{"count":9,"href":"https:\/\/owm.ug.edu.pl\/index.php?rest_route=\/wp\/v2\/posts\/655\/revisions"}],"predecessor-version":[{"id":670,"href":"https:\/\/owm.ug.edu.pl\/index.php?rest_route=\/wp\/v2\/posts\/655\/revisions\/670"}],"wp:attachment":[{"href":"https:\/\/owm.ug.edu.pl\/index.php?rest_route=%2Fwp%2Fv2%2Fmedia&parent=655"}],"wp:term":[{"taxonomy":"category","embeddable":true,"href":"https:\/\/owm.ug.edu.pl\/index.php?rest_route=%2Fwp%2Fv2%2Fcategories&post=655"},{"taxonomy":"post_tag","embeddable":true,"href":"https:\/\/owm.ug.edu.pl\/index.php?rest_route=%2Fwp%2Fv2%2Ftags&post=655"}],"curies":[{"name":"wp","href":"https:\/\/api.w.org\/{rel}","templated":true}]}}