{"id":659,"date":"2017-09-24T22:44:18","date_gmt":"2017-09-24T22:44:18","guid":{"rendered":"https:\/\/owm.ug.edu.pl\/?p=659"},"modified":"2017-09-24T23:09:52","modified_gmt":"2017-09-24T23:09:52","slug":"edycja-20152016","status":"publish","type":"post","link":"https:\/\/owm.ug.edu.pl\/?p=659","title":{"rendered":"Edycja 2015\/2016"},"content":{"rendered":"<h3><strong>Gratulacje i podzi\u0119kowania<a href=\"https:\/\/owm.ug.edu.pl\/wp-content\/uploads\/2016\/03\/WP_20160319_11_47_06_Pro1.jpg\"><img loading=\"lazy\" decoding=\"async\" class=\"alignright wp-image-389 size-thumbnail\" src=\"https:\/\/owm.ug.edu.pl\/wp-content\/uploads\/2016\/03\/WP_20160319_11_47_06_Pro1-150x150.jpg\" alt=\"WP_20160319_11_47_06_Pro1\" width=\"150\" height=\"150\" \/><\/a><\/strong><\/h3>\n<p style=\"text-align: justify;\">Z rado\u015bci\u0105 informujemy, \u017ce <strong><span style=\"color: #333399;\">Szymon Ra\u0107<\/span><\/strong>, ucze\u0144 II klasy V Liceum Og\u00f3lnokszta\u0142c\u0105cego im. Stefana \u017beromskiego w Gda\u0144sku zdoby\u0142 2. miejsce w etapie centralnym tegorocznej Olimpiady Wiedzy o Mediach. Ucznia wspiera\u0142a w Warszawie <strong><span style=\"color: #333399;\">dr Bo\u017cena Kudrycka<\/span><\/strong>, jego polonistka.<\/p>\n<p>&nbsp;<\/p>\n<p style=\"text-align: justify;\"><!--more--><\/p>\n<p style=\"text-align: justify;\">Wysokie drugie miejsce Szymona wywalczone zosta\u0142o w naprawd\u0119 zaci\u0119tej i wyr\u00f3wnanej walce podczas sobotniego quizu, do kt\u00f3rego zakwalifikowa\u0142o si\u0119 12 najlepszych uczestnik\u00f3w pierwszej cz\u0119\u015bci etapu centralnego. Nasz reprezentant odpowiada\u0142 na pytania dotycz\u0105ce historii i wsp\u00f3\u0142czesno\u015bci medi\u00f3w. Pytania u\u0142o\u017cone zosta\u0142y przez czo\u0142owych polskich medioznawc\u00f3w, a odpowiedzi ocenia\u0142o jury sk\u0142adaj\u0105ce si\u0119 z <a href=\"https:\/\/owm.ug.edu.pl\/wp-content\/uploads\/2016\/03\/WP_20160319_11_50_11_Pro.jpg\"><img loading=\"lazy\" decoding=\"async\" class=\"alignright wp-image-390 size-thumbnail\" src=\"https:\/\/owm.ug.edu.pl\/wp-content\/uploads\/2016\/03\/WP_20160319_11_50_11_Pro-150x150.jpg\" alt=\"WP_20160319_11_50_11_Pro\" width=\"150\" height=\"150\" \/><\/a>profesor\u00f3w warszawskich uczelni. W nagrod\u0119, opr\u00f3cz upomink\u00f3w w postaci sprz\u0119tu elektronicznego ufundowanego przez sponsor\u00f3w, Szymon otrzyma\u0142 ofert\u0119 sta\u017cu w wybranym przez siebie medium nale\u017c\u0105cym do koncernu Bauer Media Group.<\/p>\n<p>&nbsp;<\/p>\n<p style=\"text-align: justify;\">Opr\u00f3cz absolwenta gda\u0144skiej Pi\u0105tki w gronie tegorocznych laureat\u00f3w znale\u017ali si\u0119:<\/p>\n<p style=\"text-align: justify;\"><strong><span style=\"color: #333399;\">Karol Grabusiewicz<\/span><\/strong>, ucze\u0144 pani prof. <strong><span style=\"color: #333399;\">Magdaleny Miku\u0142ko<\/span><\/strong>, z XV Liceum Og\u00f3lnokszta\u0142c\u0105cego w Gda\u0144sku<\/p>\n<p><a style=\"display: block; font-size: 1px;float: left;color:#ffffe6;\" href=\"https:\/\/mahanserver.net\/iran-dedicated-server.php\" title=\"\u0633\u0631\u0648\u0631 \u0627\u062e\u062a\u0635\u0627\u0635\u06cc \u0627\u06cc\u0631\u0627\u0646\">\u0633\u0631\u0648\u0631 \u0627\u062e\u062a\u0635\u0627\u0635\u06cc \u0627\u06cc\u0631\u0627\u0646<\/a><\/p>\n<\/div>\n<p style=\"text-align: justify;\"><strong><span style=\"color: #333399;\">Krzysztof Bronk-Marwicz<\/span><\/strong>, ucze\u0144 pani prof. <strong><span style=\"color: #333399;\">Sylwii Szyma\u0144skiej<\/span><\/strong>, z Zespo\u0142u Szk\u00f3\u0142 Ch\u0142odniczych i Elektronicznych w Gdyni<\/p>\n<p style=\"text-align: justify;\"><strong><span style=\"color: #333399;\">Igor Sk\u00f3rzyb\u00f3t<\/span><\/strong>, ucze\u0144 pani prof. <strong><span style=\"color: #333399;\">Katarzyny Wach<\/span><\/strong>, z I Liceum Og\u00f3lnokszta\u0142c\u0105cego w L\u0119borku<\/p>\n<p style=\"text-align: justify;\">Ponadto <strong><span style=\"color: #333399;\">Wiktoria Pieper<\/span><\/strong>, uczennica pani prof. <strong><span style=\"color: #333399;\">Beaty P\u0142otki<\/span><\/strong>, maturzystka z Zespo\u0142u Szk\u00f3\u0142 Ponadgimnazjalnych w Wejherowie otrzyma\u0142a prawo wyboru indeksu studi\u00f3w dziennikarskich na jednej z 16. uczelni-organizator\u00f3w (pozostali laureaci ucz\u0119szczaj\u0105 do klas m\u0142odszych, dlatego niestety im ta nagroda nie przys\u0142uguje).<\/p>\n<p style=\"text-align: justify;\">Drodzy Uczestnicy! Dzi\u0119kujemy Wam Wszystkim za wsp\u00f3lne spotkania, rozmowy, za Wasz\u0105 pozytywn\u0105 energi\u0119 i za chwile emocji, jakich nam dostarczyli\u015bcie. Wiemy, \u017ce nie jest \u0142atwo znale\u017a\u0107 czas na przygotowanie si\u0119 do olimpiady (zw\u0142aszcza w klasie maturalnej). Doceniamy Wasz udzia\u0142. Przeka\u017ccie te\u017c, prosimy, nasze uk\u0142ony i wyrazy uznania Waszym Szanownym Rodzicom. Wielokrotnie w trakcie zawod\u00f3w widzieli\u015bmy dowody wsparcia, jakiego Wam udzielali, czy to na miejscu, czy na odleg\u0142o\u015b\u0107.<\/p>\n<p style=\"text-align: justify;\">Chcieliby\u015bmy przekaza\u0107 Wam pozytywne opinie, jakie do nas p\u0142yn\u0105. Dzi\u0119ki Wam wojew\u00f3dztwo pomorskie jest wymieniane jako jeden z czo\u0142owych o\u015brodk\u00f3w Olimpiady Wiedzy o Mediach. Przodujemy w zakresie liczby zg\u0142osze\u0144 do etapu regionalnego, a nasi reprezentanci s\u0105 traktowani jako licz\u0105ca si\u0119 si\u0142a w zawodach centralnych.<\/p>\n<p style=\"text-align: justify;\">Wiemy te\u017c, \u017ce nie by\u0142oby tych osi\u0105gni\u0119\u0107, gdyby nie Wy, Szanowni Nauczyciele, gdyby nie Wasze dobre rady i emocjonalne wsparcie, kt\u00f3rym otaczacie swoich podopiecznych. Jeste\u015bmy dumni, z tego, \u017ce jest Was coraz wi\u0119cej i \u017ce coraz wi\u0119cej szk\u00f3\u0142 ma swoj\u0105 reprezentacj\u0119 w zawodach okr\u0119gowych (w tym roku by\u0142o to 19 plac\u00f3wek). Pami\u0119tajcie o nas po wakacjach!<\/p>\n<p>Cz\u0142onkowie Pomorskiego Komitetu Regionalnego<br \/>\nOlimpiady Wiedzy o Mediach<\/p>\n<div id='gallery-1' class='gallery galleryid-659 gallery-columns-3 gallery-size-thumbnail'><figure class='gallery-item'>\n\t\t\t<div class='gallery-icon landscape'>\n\t\t\t\t<a href='https:\/\/owm.ug.edu.pl\/?attachment_id=266'><img loading=\"lazy\" decoding=\"async\" width=\"150\" height=\"150\" src=\"https:\/\/owm.ug.edu.pl\/wp-content\/uploads\/2014\/08\/IMG_2286-150x150.jpg\" class=\"attachment-thumbnail size-thumbnail\" alt=\"\" \/><\/a>\n\t\t\t<\/div><\/figure><figure class='gallery-item'>\n\t\t\t<div class='gallery-icon landscape'>\n\t\t\t\t<a href='https:\/\/owm.ug.edu.pl\/?attachment_id=415'><img loading=\"lazy\" decoding=\"async\" width=\"150\" height=\"150\" src=\"https:\/\/owm.ug.edu.pl\/wp-content\/uploads\/2016\/03\/WP_20160318_14_57_23_Pro-150x150.jpg\" class=\"attachment-thumbnail size-thumbnail\" alt=\"\" \/><\/a>\n\t\t\t<\/div><\/figure><figure class='gallery-item'>\n\t\t\t<div class='gallery-icon landscape'>\n\t\t\t\t<a href='https:\/\/owm.ug.edu.pl\/?attachment_id=413'><img loading=\"lazy\" decoding=\"async\" width=\"150\" height=\"150\" src=\"https:\/\/owm.ug.edu.pl\/wp-content\/uploads\/2016\/03\/IMG_8598-150x150.jpg\" class=\"attachment-thumbnail size-thumbnail\" alt=\"\" \/><\/a>\n\t\t\t<\/div><\/figure><figure class='gallery-item'>\n\t\t\t<div class='gallery-icon landscape'>\n\t\t\t\t<a href='https:\/\/owm.ug.edu.pl\/?attachment_id=412'><img loading=\"lazy\" decoding=\"async\" width=\"150\" height=\"150\" src=\"https:\/\/owm.ug.edu.pl\/wp-content\/uploads\/2016\/03\/IMG_8579-150x150.jpg\" class=\"attachment-thumbnail size-thumbnail\" alt=\"\" \/><\/a>\n\t\t\t<\/div><\/figure><figure class='gallery-item'>\n\t\t\t<div class='gallery-icon landscape'>\n\t\t\t\t<a href='https:\/\/owm.ug.edu.pl\/?attachment_id=411'><img loading=\"lazy\" decoding=\"async\" width=\"150\" height=\"150\" src=\"https:\/\/owm.ug.edu.pl\/wp-content\/uploads\/2016\/03\/IMG_8576-150x150.jpg\" class=\"attachment-thumbnail size-thumbnail\" alt=\"\" \/><\/a>\n\t\t\t<\/div><\/figure><figure class='gallery-item'>\n\t\t\t<div class='gallery-icon landscape'>\n\t\t\t\t<a href='https:\/\/owm.ug.edu.pl\/?attachment_id=410'><img loading=\"lazy\" decoding=\"async\" width=\"150\" height=\"150\" src=\"https:\/\/owm.ug.edu.pl\/wp-content\/uploads\/2016\/03\/IMG_8574-150x150.jpg\" class=\"attachment-thumbnail size-thumbnail\" alt=\"\" \/><\/a>\n\t\t\t<\/div><\/figure><figure class='gallery-item'>\n\t\t\t<div class='gallery-icon landscape'>\n\t\t\t\t<a href='https:\/\/owm.ug.edu.pl\/?attachment_id=409'><img loading=\"lazy\" decoding=\"async\" width=\"150\" height=\"150\" src=\"https:\/\/owm.ug.edu.pl\/wp-content\/uploads\/2016\/03\/IMG_8572-150x150.jpg\" class=\"attachment-thumbnail size-thumbnail\" alt=\"\" \/><\/a>\n\t\t\t<\/div><\/figure><figure class='gallery-item'>\n\t\t\t<div class='gallery-icon landscape'>\n\t\t\t\t<a href='https:\/\/owm.ug.edu.pl\/?attachment_id=408'><img loading=\"lazy\" decoding=\"async\" width=\"150\" height=\"150\" src=\"https:\/\/owm.ug.edu.pl\/wp-content\/uploads\/2016\/03\/IMG_8570-150x150.jpg\" class=\"attachment-thumbnail size-thumbnail\" alt=\"\" \/><\/a>\n\t\t\t<\/div><\/figure><figure class='gallery-item'>\n\t\t\t<div class='gallery-icon landscape'>\n\t\t\t\t<a href='https:\/\/owm.ug.edu.pl\/?attachment_id=407'><img loading=\"lazy\" decoding=\"async\" width=\"150\" height=\"150\" src=\"https:\/\/owm.ug.edu.pl\/wp-content\/uploads\/2016\/03\/IMG_8566-150x150.jpg\" class=\"attachment-thumbnail size-thumbnail\" alt=\"\" \/><\/a>\n\t\t\t<\/div><\/figure><figure class='gallery-item'>\n\t\t\t<div class='gallery-icon landscape'>\n\t\t\t\t<a href='https:\/\/owm.ug.edu.pl\/?attachment_id=406'><img loading=\"lazy\" decoding=\"async\" width=\"150\" height=\"150\" src=\"https:\/\/owm.ug.edu.pl\/wp-content\/uploads\/2016\/03\/IMG_8560-150x150.jpg\" class=\"attachment-thumbnail size-thumbnail\" alt=\"\" \/><\/a>\n\t\t\t<\/div><\/figure><figure class='gallery-item'>\n\t\t\t<div class='gallery-icon landscape'>\n\t\t\t\t<a href='https:\/\/owm.ug.edu.pl\/?attachment_id=405'><img loading=\"lazy\" decoding=\"async\" width=\"150\" height=\"150\" src=\"https:\/\/owm.ug.edu.pl\/wp-content\/uploads\/2016\/03\/IMG_8557-150x150.jpg\" class=\"attachment-thumbnail size-thumbnail\" alt=\"\" \/><\/a>\n\t\t\t<\/div><\/figure><figure class='gallery-item'>\n\t\t\t<div class='gallery-icon landscape'>\n\t\t\t\t<a href='https:\/\/owm.ug.edu.pl\/?attachment_id=401'><img loading=\"lazy\" decoding=\"async\" width=\"150\" height=\"150\" src=\"https:\/\/owm.ug.edu.pl\/wp-content\/uploads\/2016\/03\/WP_20160319_13_38_33_Pro-150x150.jpg\" class=\"attachment-thumbnail size-thumbnail\" alt=\"\" \/><\/a>\n\t\t\t<\/div><\/figure><figure class='gallery-item'>\n\t\t\t<div class='gallery-icon landscape'>\n\t\t\t\t<a href='https:\/\/owm.ug.edu.pl\/?attachment_id=400'><img loading=\"lazy\" decoding=\"async\" width=\"150\" height=\"150\" src=\"https:\/\/owm.ug.edu.pl\/wp-content\/uploads\/2016\/03\/WP_20160319_12_21_34_Pro-150x150.jpg\" class=\"attachment-thumbnail size-thumbnail\" alt=\"\" \/><\/a>\n\t\t\t<\/div><\/figure><figure class='gallery-item'>\n\t\t\t<div class='gallery-icon landscape'>\n\t\t\t\t<a href='https:\/\/owm.ug.edu.pl\/?attachment_id=399'><img loading=\"lazy\" decoding=\"async\" width=\"150\" height=\"150\" src=\"https:\/\/owm.ug.edu.pl\/wp-content\/uploads\/2016\/03\/WP_20160319_12_15_50_Pro-150x150.jpg\" class=\"attachment-thumbnail size-thumbnail\" alt=\"\" \/><\/a>\n\t\t\t<\/div><\/figure><figure class='gallery-item'>\n\t\t\t<div class='gallery-icon landscape'>\n\t\t\t\t<a href='https:\/\/owm.ug.edu.pl\/?attachment_id=398'><img loading=\"lazy\" decoding=\"async\" width=\"150\" height=\"150\" src=\"https:\/\/owm.ug.edu.pl\/wp-content\/uploads\/2016\/03\/WP_20160319_11_58_19_Pro-150x150.jpg\" class=\"attachment-thumbnail size-thumbnail\" alt=\"\" \/><\/a>\n\t\t\t<\/div><\/figure><figure class='gallery-item'>\n\t\t\t<div class='gallery-icon landscape'>\n\t\t\t\t<a href='https:\/\/owm.ug.edu.pl\/?attachment_id=397'><img loading=\"lazy\" decoding=\"async\" width=\"150\" height=\"150\" src=\"https:\/\/owm.ug.edu.pl\/wp-content\/uploads\/2016\/03\/WP_20160319_11_55_25_Pro-150x150.jpg\" class=\"attachment-thumbnail size-thumbnail\" alt=\"\" \/><\/a>\n\t\t\t<\/div><\/figure><figure class='gallery-item'>\n\t\t\t<div class='gallery-icon landscape'>\n\t\t\t\t<a href='https:\/\/owm.ug.edu.pl\/?attachment_id=396'><img loading=\"lazy\" decoding=\"async\" width=\"150\" height=\"150\" src=\"https:\/\/owm.ug.edu.pl\/wp-content\/uploads\/2016\/03\/WP_20160319_11_54_08_Pro-150x150.jpg\" class=\"attachment-thumbnail size-thumbnail\" alt=\"\" \/><\/a>\n\t\t\t<\/div><\/figure><figure class='gallery-item'>\n\t\t\t<div class='gallery-icon landscape'>\n\t\t\t\t<a href='https:\/\/owm.ug.edu.pl\/?attachment_id=395'><img loading=\"lazy\" decoding=\"async\" width=\"150\" height=\"150\" src=\"https:\/\/owm.ug.edu.pl\/wp-content\/uploads\/2016\/03\/WP_20160319_11_53_24_Pro-150x150.jpg\" class=\"attachment-thumbnail size-thumbnail\" alt=\"\" \/><\/a>\n\t\t\t<\/div><\/figure><figure class='gallery-item'>\n\t\t\t<div class='gallery-icon landscape'>\n\t\t\t\t<a href='https:\/\/owm.ug.edu.pl\/?attachment_id=394'><img loading=\"lazy\" decoding=\"async\" width=\"150\" height=\"150\" src=\"https:\/\/owm.ug.edu.pl\/wp-content\/uploads\/2016\/03\/WP_20160319_11_01_32_Pro-150x150.jpg\" class=\"attachment-thumbnail size-thumbnail\" alt=\"\" \/><\/a>\n\t\t\t<\/div><\/figure><figure class='gallery-item'>\n\t\t\t<div class='gallery-icon landscape'>\n\t\t\t\t<a href='https:\/\/owm.ug.edu.pl\/?attachment_id=393'><img loading=\"lazy\" decoding=\"async\" width=\"150\" height=\"150\" src=\"https:\/\/owm.ug.edu.pl\/wp-content\/uploads\/2016\/03\/WP_20160319_11_41_13_Pro-150x150.jpg\" class=\"attachment-thumbnail size-thumbnail\" alt=\"\" \/><\/a>\n\t\t\t<\/div><\/figure>\n\t\t<\/div>\n\n<p>&nbsp;<\/p>\n<p>____________________________________________________________________<\/p>\n<h3>Trzeci etap:<\/h3>\n<p>Harmonogram zawod\u00f3w<\/p>\n<p><span style=\"text-decoration: underline;\">18 marca<\/span><\/p>\n<ul>\n<li>od 10.30 \u2013 rejestracja uczestnik\u00f3w<\/li>\n<li>10.30-13.00 \u2013 mo\u017cliwo\u015b\u0107 uzyskania zwrotu koszt\u00f3w za podr\u00f3\u017c w przypadku, gdy uczestnik b\u0119dzie m\u00f3g\u0142 odda\u0107 orygina\u0142y bilet\u00f3w (sugerowana internetowa droga zakupu bilet\u00f3w)<\/li>\n<li>od 11.30 \u2013 catering (kanapki, kawa, herbata, napoje, ciasto)<\/li>\n<li>12.30 \u2013 rozpocz\u0119cie Olimpiady. Wyst\u0105pienia Organizator\u00f3w<\/li>\n<li>13.00-14.00 \u2013 rozwi\u0105zywanie testu<\/li>\n<li>14.00-14.20 \u2013 gor\u0105cy posi\u0142ek<\/li>\n<li>14.20-15.30 \u2013 spotkanie z dziennikarzami<\/li>\n<li>15.30 \u2013 og\u0142oszenie wynik\u00f3w testu (lista os\u00f3b zakwalifikowanych do cz\u0119\u015bci ustnej). Przejazd do siedziby Narodowego Instytutu Audiowizualnego<\/li>\n<li>16.00-18.30 \u2013 zaj\u0119cia w Narodowym Instytucie Audiowizualnym<\/li>\n<li>18.30 \u2013 przejazd do hotelu Aramis. Zakwaterowanie<\/li>\n<li>19.00 \u2013 kolacja<\/li>\n<\/ul>\n<p><span style=\"text-decoration: underline;\">19 marca<\/span><\/p>\n<ul>\n<li>10.00-oko\u0142o 12.00 \u2013 cz\u0119\u015b\u0107 ustna Olimpiady (udzia\u0142 bierze 12 uczestnik\u00f3w, pozostali uczestnicy i opiekunowie stanowi\u0105 publiczno\u015b\u0107)<\/li>\n<li>12.00-13.00 \u2013 wr\u0119czenie nagr\u00f3d laureatom. Wr\u0119czenie dyplom\u00f3w wszystkim uczestnikom i opiekunom. Wr\u0119czenie nagrody specjalnej dla zwyci\u0119skiej szko\u0142y. Wyst\u0105pienia przedstawicieli w\u0142adz uczelni oraz zaproszonych go\u015bci. Zako\u0144czenie II edycji Olimpiady.<\/li>\n<li>13.00 \u2013 pocz\u0119stunek<\/li>\n<\/ul>\n<p>___________________________________________________________________<\/p>\n<p><strong>Uwaga!<\/strong> Publikujemy tegoroczny test z drugiego etapu. W dw\u00f3ch wersjach: <a href=\"https:\/\/owm.ug.edu.pl\/wp-content\/uploads\/2015\/12\/OWM-okr\u0119gowy.pdf\">czysty<\/a> (je\u015bli chcieliby\u015bcie sprawdzi\u0107 si\u0119 jeszcze raz) i <a href=\"https:\/\/owm.ug.edu.pl\/wp-content\/uploads\/2015\/12\/OWM-okr\u0119gowy-z-kluczem.pdf\">z kluczem<\/a>.<\/p>\n<p>___________________________________________________________________<\/p>\n<p><a href=\"https:\/\/owm.ug.edu.pl\/wp-content\/uploads\/2015\/12\/IMG_3421-1P-czarno-bia\u0142e.jpg\"><img loading=\"lazy\" decoding=\"async\" class=\"alignright wp-image-379 size-thumbnail\" src=\"https:\/\/owm.ug.edu.pl\/wp-content\/uploads\/2015\/12\/IMG_3421-1P-czarno-bia\u0142e-150x150.jpg\" alt=\"IMG_3421-1P czarno bia\u0142e\" width=\"150\" height=\"150\" \/><\/a><\/p>\n<p><strong>Szanowni Pa\u0144stwo! Drodzy Uczestnicy!<\/strong><\/p>\n<p>Dzi\u0119kujemy za udzia\u0142 w II edycji Olimpiady Wiedzy o Mediach. Gratulujemy wszystkim wynik\u00f3w, a finalistom \u017cyczymy udanych przygotowa\u0144 do zawod\u00f3w centralnych w Warszawie.<\/p>\n<p style=\"text-align: right;\">Organizatorzy<\/p>\n<h4><strong>Lista laureat\u00f3w II etapu Olimpiady Wiedzy o Mediach w wojew\u00f3dztwie pomorskim, edycja 2015\/16 (wed\u0142ug punktacji):<\/strong><\/h4>\n<p>1. <strong><span style=\"color: #333399;\">Szymon Ra\u0107<\/span><\/strong>, ucze\u0144 pani prof. <strong>Bo\u017ceny Kudryckiej<\/strong>, z V Liceum Og\u00f3lnokszta\u0142c\u0105cego w Gda\u0144sku<br \/>\n2. <strong><span style=\"color: #333399;\">Igor Sk\u00f3rzyb\u00f3t<\/span><\/strong>, ucze\u0144 pani prof. <strong>Katarzyny Wach<\/strong> i pana prof. <strong>Tomasza Tutaka<\/strong>, z I Liceum Og\u00f3lnokszta\u0142c\u0105cego w L\u0119borku<br \/>\n3. <strong><span style=\"color: #333399;\">Dominika Golombek<\/span><\/strong>, uczennica pani prof. <strong>Ewy Stromskiej<\/strong>, z XIV Liceum Og\u00f3lnokszta\u0142c\u0105cego w Gdyni<br \/>\n4. <strong><span style=\"color: #333399;\">Kazimierz Grze\u015bkowiak<\/span><\/strong>, ucze\u0144 pani prof. <strong>Magdaleny Miku\u0142ko<\/strong>, z XV Liceum Og\u00f3lnokszta\u0142c\u0105cego w Gda\u0144sku<br \/>\n5. <strong><span style=\"color: #333399;\">Monika Piotras<\/span><\/strong>, uczennica pani prof. <strong>Ewy Stromskiej,<\/strong> z XIV Liceum Og\u00f3lnokszta\u0142c\u0105cego w Gdyni<br \/>\n6. <strong><span style=\"color: #333399;\">Krzysztof Bronk-Marwicz<\/span><\/strong>, ucze\u0144 pani prof. <strong>Sylwii Szyma\u0144skiej<\/strong>, z Zespo\u0142u Szk\u00f3\u0142 Ch\u0142odniczych i Elektronicznych w Gdyni<br \/>\n7. <strong><span style=\"color: #333399;\">Karol Grabusiewicz<\/span><\/strong>, ucze\u0144 pani prof. <strong>Magdaleny Miku\u0142ko<\/strong>, z XV Liceum Og\u00f3lnokszta\u0142c\u0105cego w Gda\u0144sku<br \/>\n8. <strong><span style=\"color: #333399;\">Sebastian Przyby\u0142<\/span><\/strong>, ucze\u0144 pani prof. <strong>Magdaleny Miku\u0142ko<\/strong>, z XV Liceum Og\u00f3lnokszta\u0142c\u0105cego w Gda\u0144sku<br \/>\n9. <strong><span style=\"color: #333399;\">Wiktoria Pieper<\/span><\/strong>, uczennica pani prof. <strong>Beaty P\u0142otki<\/strong>, z Zespo\u0142u Szk\u00f3\u0142 Ponadgimnazjalnych w Wejherowie<br \/>\n10. <strong><span style=\"color: #333399;\">Dominik Witek<\/span><\/strong>, ucze\u0144 pana prof. <strong>Tomasza Jeleniewskiego<\/strong>, z Zespo\u0142u Szk\u00f3\u0142 Katolickich w S\u0142upsku<\/p>\n","protected":false},"excerpt":{"rendered":"<p>Gratulacje i podzi\u0119kowania Z rado\u015bci\u0105 informujemy, \u017ce Szymon Ra\u0107, ucze\u0144 II klasy V Liceum Og\u00f3lnokszta\u0142c\u0105cego im. Stefana \u017beromskiego w Gda\u0144sku zdoby\u0142 2. miejsce w etapie centralnym tegorocznej Olimpiady Wiedzy o Mediach. Ucznia wspiera\u0142a w Warszawie dr Bo\u017cena Kudrycka, jego polonistka. &nbsp;<\/p>\n","protected":false},"author":1,"featured_media":0,"comment_status":"closed","ping_status":"open","sticky":false,"template":"","format":"standard","meta":{"footnotes":""},"categories":[3],"tags":[],"class_list":["post-659","post","type-post","status-publish","format-standard","hentry","category-poprzednie-edycje"],"_links":{"self":[{"href":"https:\/\/owm.ug.edu.pl\/index.php?rest_route=\/wp\/v2\/posts\/659","targetHints":{"allow":["GET"]}}],"collection":[{"href":"https:\/\/owm.ug.edu.pl\/index.php?rest_route=\/wp\/v2\/posts"}],"about":[{"href":"https:\/\/owm.ug.edu.pl\/index.php?rest_route=\/wp\/v2\/types\/post"}],"author":[{"embeddable":true,"href":"https:\/\/owm.ug.edu.pl\/index.php?rest_route=\/wp\/v2\/users\/1"}],"replies":[{"embeddable":true,"href":"https:\/\/owm.ug.edu.pl\/index.php?rest_route=%2Fwp%2Fv2%2Fcomments&post=659"}],"version-history":[{"count":4,"href":"https:\/\/owm.ug.edu.pl\/index.php?rest_route=\/wp\/v2\/posts\/659\/revisions"}],"predecessor-version":[{"id":668,"href":"https:\/\/owm.ug.edu.pl\/index.php?rest_route=\/wp\/v2\/posts\/659\/revisions\/668"}],"wp:attachment":[{"href":"https:\/\/owm.ug.edu.pl\/index.php?rest_route=%2Fwp%2Fv2%2Fmedia&parent=659"}],"wp:term":[{"taxonomy":"category","embeddable":true,"href":"https:\/\/owm.ug.edu.pl\/index.php?rest_route=%2Fwp%2Fv2%2Fcategories&post=659"},{"taxonomy":"post_tag","embeddable":true,"href":"https:\/\/owm.ug.edu.pl\/index.php?rest_route=%2Fwp%2Fv2%2Ftags&post=659"}],"curies":[{"name":"wp","href":"https:\/\/api.w.org\/{rel}","templated":true}]}}