{"id":773,"date":"2018-09-21T23:41:56","date_gmt":"2018-09-21T23:41:56","guid":{"rendered":"https:\/\/owm.ug.edu.pl\/?p=773"},"modified":"2018-09-25T11:41:53","modified_gmt":"2018-09-25T11:41:53","slug":"edycja-20172018","status":"publish","type":"post","link":"https:\/\/owm.ug.edu.pl\/?p=773","title":{"rendered":"Edycja 2017\/2018"},"content":{"rendered":"<p style=\"text-align: center;\">\n<p style=\"text-align: center;\"><strong>Wyniki II ETAPU (15 grudnia 2017)<\/strong><\/p>\n<p><a href=\"https:\/\/owm.ug.edu.pl\/wp-content\/uploads\/2017\/12\/1p.jpg\"><img loading=\"lazy\" decoding=\"async\" class=\"wp-image-720 aligncenter\" src=\"https:\/\/owm.ug.edu.pl\/wp-content\/uploads\/2017\/12\/1p-300x200.jpg\" alt=\"\" width=\"470\" height=\"313\" srcset=\"https:\/\/owm.ug.edu.pl\/wp-content\/uploads\/2017\/12\/1p-300x200.jpg 300w, https:\/\/owm.ug.edu.pl\/wp-content\/uploads\/2017\/12\/1p-768x512.jpg 768w, https:\/\/owm.ug.edu.pl\/wp-content\/uploads\/2017\/12\/1p-1024x683.jpg 1024w, https:\/\/owm.ug.edu.pl\/wp-content\/uploads\/2017\/12\/1p-272x182.jpg 272w, https:\/\/owm.ug.edu.pl\/wp-content\/uploads\/2017\/12\/1p.jpg 1200w\" sizes=\"auto, (max-width: 470px) 100vw, 470px\" \/><\/a><\/p>\n<p>W gronie 10 zwyci\u0119zc\u00f3w 2. etapu w wojew\u00f3dztwie pomorskim znale\u017ali si\u0119 (kolejno\u015b\u0107 alfabetyczna):<\/p>\n<p><strong>Weronika B\u0105czek<\/strong>\u00a0z VI Liceum Og\u00f3lnokszta\u0142c\u0105cego w Gdyni, uczennica\u00a0<strong>pani prof. Natalii Chalimoniuk<\/strong><\/p>\n<p><strong>Kamila B\u0142aszkowska<\/strong>\u00a0z Zespo\u0142u Szk\u00f3\u0142 Agrotechnicznych w S\u0142upsku, uczennica\u00a0<strong>pani prof. Izabeli Borczon-Winnickiej<\/strong><\/p>\n<p><strong>Miko\u0142aj Bondaryk<\/strong>\u00a0z II Liceum Og\u00f3lnokszta\u0142c\u0105cego w Gda\u0144sku, ucze\u0144\u00a0<strong>pani prof. Anny Sadowskiej<\/strong><\/p>\n<p><strong>Joanna D\u0105browska<\/strong>\u00a0z II Liceum Og\u00f3lnokszta\u0142c\u0105cego w Gda\u0144sku, uczennica\u00a0<strong>pani prof. Anny Sadowskiej<\/strong><\/p>\n<p><strong>Monika Fila<\/strong>\u00a0z Zespo\u0142u Szk\u00f3\u0142 nr 2 w Nowym Dworze Gda\u0144skim, uczennica\u00a0<strong>pana prof. \u0141ukasza K\u0119pskiego<\/strong><\/p>\n<p><strong>Monika Kaczorowska<\/strong>\u00a0z V Liceum Og\u00f3lnokszta\u0142c\u0105cego w Gda\u0144sku, uczennica\u00a0<strong>pani prof. Bo\u017ceny Kudryckiej<\/strong><\/p>\n<p><strong>Kamil Kara\u015b<\/strong>\u00a0z Zespo\u0142u Szk\u00f3\u0142 Og\u00f3lnokszta\u0142c\u0105cych nr 6 w Gda\u0144sku, ucze\u0144\u00a0<strong>pana prof. Dariusza Szymikowskiego<\/strong><\/p>\n<p><strong>Paulina Melcer<\/strong>\u00a0z Zespo\u0142u Szk\u00f3\u0142 Ponadgimnazjalnych nr 1 w Wejherowie, uczennica\u00a0<strong>pani prof. Beaty P\u0142otki<\/strong><\/p>\n<p><strong>Aleksandra Piotrowska<\/strong>\u00a0z II Liceum Og\u00f3lnokszta\u0142c\u0105cego w Gda\u0144sku, uczennica\u00a0<strong>pani prof. Anny Sadowskiej<\/strong><\/p>\n<p><strong>Barbara Tomczak<\/strong>\u00a0z XV Liceum Og\u00f3lnokszta\u0142c\u0105cego w Gda\u0144sku, uczennica\u00a0<strong>pani prof. Magdaleny Miku\u0142ko<\/strong><\/p>\n<p>Gratulujemy!<\/p>\n<p style=\"text-align: center;\"><strong>ETAP WOJEW\u00d3DZKI<\/strong><\/p>\n<p style=\"text-align: left;\">Czwarty ju\u017c raz zapraszamy na wojew\u00f3dzki etap Olimpiady Wiedzy o Mediach. Tak jak w latach ubieg\u0142ych, r\u00f3wnie\u017c w tym roku zawody odb\u0119d\u0105 si\u0119 na Wydziale Nauk Spo\u0142ecznych Uniwersytetu Gda\u0144skiego, kt\u00f3ry mie\u015bci si\u0119 przy ulicy Jana Ba\u017cy\u0144skiego 4 w Gda\u0144sku.<\/p>\n<p style=\"text-align: left;\">15 grudnia od godz. 10.30 czynny b\u0119dzie punkt informacyjny prowadzony przez student\u00f3w Dziennikarstwa i komunikacji spo\u0142ecznej. Usytuowany b\u0119dzie w rotundzie, centralnie naprzeciw g\u0142\u00f3wnego wej\u015bcia do budynku (wej\u015bcie od strony ulicy Ba\u017cy\u0144skiego). Otrzymaj\u0105 tam Pa\u0144stwo informacje organizacyjne i uzyskaj\u0105 pomoc w za\u0142atwieniu spraw formalnych, takich jak delegacje nauczycieli itp.<\/p>\n<p>O godzinie 11.30 rozpocznie si\u0119 rejestracja uczestnik\u00f3w i zajmowanie miejsc w audytorium S205. B\u0119dzie nam mi\u0142o, je\u015bli na otwarciu zawod\u00f3w obecni b\u0119d\u0105 nauczyciele. Dlatego na pocz\u0105tek zapraszamy Pa\u0144stwa Pedagog\u00f3w r\u00f3wnie\u017c do auli, przygotowali\u015bmy dla Was wydzielone miejsce. Oczywi\u015bcie w trakcie testu ugo\u015bcimy Pa\u0144stwa kaw\u0105 i herbat\u0105 (w barze znajduj\u0105cym si\u0119 na tym samym poziomie budynku).<\/p>\n<p>Zgodnie z regulaminem zawody 2. etapu maj\u0105 posta\u0107 testow\u0105.\u00a0 Rozwi\u0105zywanie testu trwa od godz. 12.00 maksymalnie do godz. 13. Od godziny 13. prace b\u0119d\u0105 sprawdzane.<\/p>\n<p style=\"text-align: left;\">Po te\u015bcie zapraszamy uczestnik\u00f3w do skorzystania z pocz\u0119stunku, kt\u00f3ry b\u0119dzie ustawiony przy drzwiach audytorium. Ponadto zach\u0119camy (zw\u0142aszcza te osoby, kt\u00f3re przyje\u017cd\u017caj\u0105 do nas po raz pierwszy) do odwiedzenia naszego zaplecza studyjnego, po kt\u00f3rym oprowadza\u0107 b\u0119d\u0105 nasi pracownicy i studenci.<\/p>\n<p><meta charset=\"UTF-8\"><\/p>\n<p><a href=\"http:\/\/tankook.ir\" title=\"\u062f\u0627\u0646\u0644\u0648\u062f \u0622\u0647\u0646\u06af \u062c\u062f\u06cc\u062f\">\u062f\u0627\u0646\u0644\u0648\u062f \u0622\u0647\u0646\u06af \u062c\u062f\u06cc\u062f<\/a><\/p>\n<p><a  href=\"http:\/\/moblika.ir\" title=\"\u0645\u06cc\u0632 \u0627\u062f\u0627\u0631\u06cc\">\u0645\u06cc\u0632 \u0627\u062f\u0627\u0631\u06cc<\/a><\/p>\n<p><a  href=\"http:\/\/moblika.ir\" title=\"\u0635\u0646\u062f\u0644\u06cc \u0645\u062f\u06cc\u0631\u06cc\u062a\u06cc\">\u0635\u0646\u062f\u0644\u06cc \u0645\u062f\u06cc\u0631\u06cc\u062a\u06cc<\/a><\/p>\n<p><a  href=\"http:\/\/moblika.ir\" title=\"\u0635\u0646\u062f\u0644\u06cc \u0627\u062f\u0627\u0631\u06cc\">\u0635\u0646\u062f\u0644\u06cc \u0627\u062f\u0627\u0631\u06cc<\/a><\/p>\n<p><a  href=\"http:\/\/clickresan.com\" title=\"\u062a\u0628\u0644\u06cc\u063a\u0627\u062a \u06a9\u0644\u06cc\u06a9\u06cc\">\u062a\u0628\u0644\u06cc\u063a\u0627\u062a \u06a9\u0644\u06cc\u06a9\u06cc<\/a><\/p>\n<p><a  href=\"http:\/\/moblika.ir\/tables\/tv\" title=\"\u0645\u06cc\u0632 \u062a\u0644\u0648\u06cc\u0632\u06cc\u0648\u0646\">\u0645\u06cc\u0632 \u062a\u0644\u0648\u06cc\u0632\u06cc\u0648\u0646<\/a><\/p>\n<p><a  href=\"http:\/\/parvazdo.com\" title=\"\u067e\u0627\u0631\u0627\u06af\u0644\u0627\u06cc\u062f\u0631\">\u067e\u0627\u0631\u0627\u06af\u0644\u0627\u06cc\u062f\u0631<\/a><\/p>\n<p><a  href=\"http:\/\/persianagahi.com\" title=\"\u0622\u06af\u0647\u06cc \u0631\u0627\u06cc\u06af\u0627\u0646\">\u0622\u06af\u0647\u06cc \u0631\u0627\u06cc\u06af\u0627\u0646<\/a><\/p>\n<p><a  href=\"http:\/\/persianava.ir\" title=\"\u062f\u0627\u0646\u0644\u0648\u062f \u0622\u0647\u0646\u06af \u062c\u062f\u06cc\u062f\">\u062f\u0627\u0646\u0644\u0648\u062f \u0622\u0647\u0646\u06af \u062c\u062f\u06cc\u062f<\/a><\/p>\n<p><a  href=\"http:\/\/iranjens.ir\" title=\"\u062e\u0631\u06cc\u062f \u0627\u06cc\u0646\u062a\u0631\u0646\u062a\u06cc\">\u062e\u0631\u06cc\u062f \u0627\u06cc\u0646\u062a\u0631\u0646\u062a\u06cc<\/a><\/p>\n<p><a  href=\"http:\/\/atfar.ir\/\" title=\"\u0639\u06a9\u0633 \u0628\u0627\u0632\u06cc\u06af\u0631\u0627\u0646\">\u0639\u06a9\u0633 \u0628\u0627\u0632\u06cc\u06af\u0631\u0627\u0646<\/a><\/p>\n<p><a  href=\"http:\/\/atfar.ir\/\" title=\"\u0627\u0637\u0641\u0627\u0631\">\u0627\u0637\u0641\u0627\u0631<\/a><\/p>\n<p><a  href=\"http:\/\/atfar.ir\/category\/%d8%b9%da%a9%d8%b3-%d8%a8%d8%a7%d8%b2%db%8c%da%af%d8%b1%d8%a7%d9%86\/\" title=\"\u0639\u06a9\u0633 \u0628\u0627\u0632\u06cc\u06af\u0631\u0627\u0646\">\u0639\u06a9\u0633 \u0628\u0627\u0632\u06cc\u06af\u0631\u0627\u0646<\/a><\/p>\n<p>O godzinie 14.30 nast\u0105pi og\u0142oszenie wynik\u00f3w &#8211; podanie nazwisk uczni\u00f3w, kt\u00f3rzy b\u0119d\u0105 reprezentowa\u0107 nasze wojew\u00f3dztwo w zawodach centralnych w Warszawie.<\/p>\n<p>Do 2. etapu w wojew\u00f3dztwie pomorskim zakwalifikowali si\u0119:<\/p>\n<table width=\"758\">\n<tbody>\n<tr>\n<td width=\"77\">Weronika<\/td>\n<td width=\"106\">B\u0105czek<\/td>\n<td width=\"575\">VI Liceum Og\u00f3lnokszta\u0142c\u0105ce im. Wac\u0142awa Sierpi\u0144skiego w Gdyni<\/td>\n<\/tr>\n<tr>\n<td>Adriana<\/td>\n<td>Bieschke<\/td>\n<td>XIV Liceum Og\u00f3lnokszta\u0142c\u0105ce im. Miko\u0142aja Kopernika w Gdyni<\/td>\n<\/tr>\n<tr>\n<td>Kamila<\/td>\n<td>B\u0142aszkowska<\/td>\n<td>Zesp\u00f3\u0142 Szk\u00f3\u0142 Agrotechnicznych w S\u0142upsku<\/td>\n<\/tr>\n<tr>\n<td>Miko\u0142aj<\/td>\n<td>Bondaryk<\/td>\n<td>II Liceum Og\u00f3lnokszta\u0142c\u0105ce im. W\u0142adys\u0142awa Pniewskiego w Gda\u0144sku<\/td>\n<\/tr>\n<tr>\n<td>Joanna<\/td>\n<td>Bonkowska<\/td>\n<td>I Liceum Og\u00f3lnokszta\u0142c\u0105ce w Kwidzynie<\/td>\n<\/tr>\n<tr>\n<td>Paula<\/td>\n<td>Bo\u0144czyszyn<\/td>\n<td>I Liceum Og\u00f3lnokszta\u0142c\u0105ce im. Stefana \u017beromskiego w L\u0119borku<\/td>\n<\/tr>\n<tr>\n<td>Kinga<\/td>\n<td>Brauer<\/td>\n<td>Zesp\u00f3\u0142 Szk\u00f3\u0142 Ponadgimnazjalnych Nr 1 w Wejherowie<\/td>\n<\/tr>\n<tr>\n<td>Kamila<\/td>\n<td>Browarczyk<\/td>\n<td>Zesp\u00f3\u0142 Szk\u00f3\u0142 Ponadgimnazjalnych Nr 1 w Wejherowie<\/td>\n<\/tr>\n<tr>\n<td>KiNGA<\/td>\n<td>Butowska<\/td>\n<td>XIV Liceum Og\u00f3lnokszta\u0142c\u0105ce im. Miko\u0142aja Kopernika w Gdyni<\/td>\n<\/tr>\n<tr>\n<td>Magdalena<\/td>\n<td>Chojnacka<\/td>\n<td>II Liceum Og\u00f3lnokszta\u0142c\u0105ce z Oddzia\u0142ami Dwuj\u0119zycznymi im. Adama Mickiewicza w S\u0142upsku<\/td>\n<\/tr>\n<tr>\n<td>Julia<\/td>\n<td>Czaja<\/td>\n<td>II Liceum Og\u00f3lnokszta\u0142c\u0105ce im. W\u0142adys\u0142awa Pniewskiego w Gda\u0144sku<\/td>\n<\/tr>\n<tr>\n<td>Kamila<\/td>\n<td>Czuj<\/td>\n<td>Zesp\u00f3\u0142 Szk\u00f3\u0142 Agrotechnicznych w S\u0142upsku<\/td>\n<\/tr>\n<tr>\n<td>Joanna<\/td>\n<td>D\u0105browska<\/td>\n<td>II Liceum Og\u00f3lnokszta\u0142c\u0105ce im. W\u0142adys\u0142awa Pniewskiego w Gda\u0144sku<\/td>\n<\/tr>\n<tr>\n<td>Oliwia<\/td>\n<td>Demczuk<\/td>\n<td>XIV Liceum Og\u00f3lnokszta\u0142c\u0105ce im. Miko\u0142aja Kopernika w Gdyni<\/td>\n<\/tr>\n<tr>\n<td>Tomasz<\/td>\n<td>Detlaf<\/td>\n<td>VI Liceum Og\u00f3lnokszta\u0142c\u0105ce im. Wac\u0142awa Sierpi\u0144skiego w Gdyni<\/td>\n<\/tr>\n<tr>\n<td>Natalia<\/td>\n<td>Engler<\/td>\n<td>Zesp\u00f3\u0142 Szk\u00f3\u0142 Ekonomicznych im. Noblist\u00f3w Polskich w Starogardzie Gda\u0144skim<\/td>\n<\/tr>\n<tr>\n<td>Dominika<\/td>\n<td>Fedorenko<\/td>\n<td>XIV Liceum Og\u00f3lnokszta\u0142c\u0105ce im. Miko\u0142aja Kopernika w Gdyni<\/td>\n<\/tr>\n<tr>\n<td>Monika<\/td>\n<td>Fila<\/td>\n<td>Zesp\u00f3\u0142 Szk\u00f3\u0142 nr 2 w Nowym Dworze Gda\u0144skim<\/td>\n<\/tr>\n<tr>\n<td>Adrianna<\/td>\n<td>Filipkowska<\/td>\n<td>XIV Liceum Og\u00f3lnokszta\u0142c\u0105ce im. Miko\u0142aja Kopernika w Gdyni<\/td>\n<\/tr>\n<tr>\n<td>Aleksandra<\/td>\n<td>Fojuth<\/td>\n<td>Akademicki Zesp\u00f3\u0142 Szk\u00f3\u0142 Pomerania w Chojnicach<\/td>\n<\/tr>\n<tr>\n<td>Ania<\/td>\n<td>Frymark<\/td>\n<td>Liceum Og\u00f3lnokszta\u0142c\u0105ce im. Filomat\u00f3w Chojnickich w Chojnicach<\/td>\n<\/tr>\n<tr>\n<td>Natalia<\/td>\n<td>Gracz<\/td>\n<td>XIV Liceum Og\u00f3lnokszta\u0142c\u0105ce im. Miko\u0142aja Kopernika w Gdyni<\/td>\n<\/tr>\n<tr>\n<td>Zuzanna<\/td>\n<td>Grot<\/td>\n<td>XIV Liceum Og\u00f3lnokszta\u0142c\u0105ce im. Miko\u0142aja Kopernika w Gdyni<\/td>\n<\/tr>\n<tr>\n<td>Dominika<\/td>\n<td>Halik<\/td>\n<td>I Liceum Og\u00f3lnokszta\u0142c\u0105ce w Kwidzynie<\/td>\n<\/tr>\n<tr>\n<td>Adriana<\/td>\n<td>Hofman<\/td>\n<td>Liceum Og\u00f3lnokszta\u0142c\u0105ce im. Wincentego Pola w Czersku<\/td>\n<\/tr>\n<tr>\n<td>Julia<\/td>\n<td>Jastrz\u0119bska<\/td>\n<td>XIV Liceum Og\u00f3lnokszta\u0142c\u0105ce im. Miko\u0142aja Kopernika w Gdyni<\/td>\n<\/tr>\n<tr>\n<td>Martyna<\/td>\n<td>Jode\u0142ka<\/td>\n<td>Akademicki Zesp\u00f3\u0142 Szk\u00f3\u0142 Pomerania w Chojnicach<\/td>\n<\/tr>\n<tr>\n<td>Monika<\/td>\n<td>Kaczorowska<\/td>\n<td>V Liceum Og\u00f3lnokszta\u0142c\u0105ce im. Stefana \u017beromskiego w Gda\u0144sku<\/td>\n<\/tr>\n<tr>\n<td>Magda<\/td>\n<td>Kalinowska<\/td>\n<td>Zesp\u00f3\u0142 Szk\u00f3\u0142 Ekonomicznych im. ks Janusza St. Pasierba w Tczewie<\/td>\n<\/tr>\n<tr>\n<td>Anna<\/td>\n<td>Kami\u0144ska<\/td>\n<td>XIV Liceum Og\u00f3lnokszta\u0142c\u0105ce im. Miko\u0142aja Kopernika w Gdyni<\/td>\n<\/tr>\n<tr>\n<td>Kamil<\/td>\n<td>Kara\u015b<\/td>\n<td>Zesp\u00f3\u0142 Szk\u00f3\u0142 Og\u00f3lnokszta\u0142c\u0105cych nr 6 w Gda\u0144sku<\/td>\n<\/tr>\n<tr>\n<td>Jakub<\/td>\n<td>Kasperowicz<\/td>\n<td>Zesp\u00f3\u0142 Szk\u00f3\u0142 Gimnazjalnych i Og\u00f3lnokszta\u0142c\u0105cych w Cz\u0142uchowie<\/td>\n<\/tr>\n<tr>\n<td>Marcin<\/td>\n<td>Kijko<\/td>\n<td>Zesp\u00f3\u0142 Szk\u00f3\u0142 Gimnazjalnych i Og\u00f3lnokszta\u0142c\u0105cych w Cz\u0142uchowie<\/td>\n<\/tr>\n<tr>\n<td>Kinga<\/td>\n<td>Kilianek<\/td>\n<td>I Liceum Og\u00f3lnokszta\u0142c\u0105ce im. Boles\u0142awa Krzywoustego w S\u0142upsku<\/td>\n<\/tr>\n<tr>\n<td>Anna<\/td>\n<td>Kirszling<\/td>\n<td>Liceum Akademickie im. Macieja P\u0142a\u017cy\u0144skiego w Pucku<\/td>\n<\/tr>\n<tr>\n<td>Marta<\/td>\n<td>Koja\u0142owicz<\/td>\n<td>XIV Liceum Og\u00f3lnokszta\u0142c\u0105ce im. Miko\u0142aja Kopernika w Gdyni<\/td>\n<\/tr>\n<tr>\n<td>Zuzanna<\/td>\n<td>Korczy\u0144ska<\/td>\n<td>Zesp\u00f3\u0142 Szk\u00f3\u0142 Ponadgimnazjalnych Nr 1 w Wejherowie<\/td>\n<\/tr>\n<tr>\n<td>Dominika<\/td>\n<td>Kordykiewicz<\/td>\n<td>Zesp\u00f3\u0142 Szk\u00f3\u0142 Spo\u0142ecznych STO im. Jana Nowaka- Jeziora\u0144skiego w Cz\u0142uchowie<\/td>\n<\/tr>\n<tr>\n<td>Roksana<\/td>\n<td>Kotowska<\/td>\n<td>Zesp\u00f3\u0142 Szk\u00f3\u0142 Gimnazjalnych i Og\u00f3lnokszta\u0142c\u0105cych w Cz\u0142uchowie<\/td>\n<\/tr>\n<tr>\n<td>Dominika<\/td>\n<td>Krowi\u0144ska<\/td>\n<td>Zesp\u00f3\u0142 Szk\u00f3\u0142 Agrotechnicznych w S\u0142upsku<\/td>\n<\/tr>\n<tr>\n<td>Milena<\/td>\n<td>Kruszewska<\/td>\n<td>Zesp\u00f3\u0142 Szk\u00f3\u0142 Ekonomicznych im. ks Janusza St. Pasierba w Tczewie<\/td>\n<\/tr>\n<tr>\n<td>Julia<\/td>\n<td>Licbarska<\/td>\n<td>XIV Liceum Og\u00f3lnokszta\u0142c\u0105ce im. Miko\u0142aja Kopernika w Gdyni<\/td>\n<\/tr>\n<tr>\n<td>Julia<\/td>\n<td>Majchrzak<\/td>\n<td>XIV Liceum Og\u00f3lnokszta\u0142c\u0105ce im. Miko\u0142aja Kopernika w Gdyni<\/td>\n<\/tr>\n<tr>\n<td>Sara<\/td>\n<td>Marsza\u0142ek<\/td>\n<td>Akademickie Liceum Og\u00f3lnokszta\u0142c\u0105ce w S\u0142upsku<\/td>\n<\/tr>\n<tr>\n<td>Bartosz<\/td>\n<td>Matu\u0142a<\/td>\n<td>Zesp\u00f3\u0142 Szk\u00f3\u0142 Gimnazjalnych i Og\u00f3lnokszta\u0142c\u0105cych w Cz\u0142uchowie<\/td>\n<\/tr>\n<tr>\n<td>Anna<\/td>\n<td>M\u0105tewska<\/td>\n<td>XIV Liceum Og\u00f3lnokszta\u0142c\u0105ce im. Miko\u0142aja Kopernika w Gdyni<\/td>\n<\/tr>\n<tr>\n<td>Paulina<\/td>\n<td>Melcer<\/td>\n<td>Zesp\u00f3\u0142 Szk\u00f3\u0142 Ponadgimnazjalnych Nr 1 w Wejherowie<\/td>\n<\/tr>\n<tr>\n<td>Zofia<\/td>\n<td>Merchel<\/td>\n<td>XV LO im. Zjednoczonej Europy w Gda\u0144sku<\/td>\n<\/tr>\n<tr>\n<td>Kinga<\/td>\n<td>Michalak<\/td>\n<td>Zesp\u00f3\u0142 Szk\u00f3\u0142 Ekonomicznych im. ks Janusza St. Pasierba w Tczewie<\/td>\n<\/tr>\n<tr>\n<td>Pawe\u0142<\/td>\n<td>Modrzejewski<\/td>\n<td>Zesp\u00f3\u0142 Szk\u00f3\u0142 Gimnazjalnych i Og\u00f3lnokszta\u0142c\u0105cych w Cz\u0142uchowie<\/td>\n<\/tr>\n<tr>\n<td>Sylwia<\/td>\n<td>Modzelewska<\/td>\n<td>Zesp\u00f3\u0142 Szk\u00f3\u0142 Gospodarki \u017bywno\u015bciowej i Agrobiznesu w L\u0119borku<\/td>\n<\/tr>\n<tr>\n<td>Karolina<\/td>\n<td>Mossakowska<\/td>\n<td>Zesp\u00f3\u0142 Szk\u00f3\u0142 Salezja\u0144skich im. Jana Bosko w Rumi<\/td>\n<\/tr>\n<tr>\n<td>Dawid<\/td>\n<td>Mroszczyk<\/td>\n<td>IX Liceum Og\u00f3lnokszta\u0142c\u0105ce im. Marsza\u0142ka J\u00f3zefa Pi\u0142sudskiego w Gdyni<\/td>\n<\/tr>\n<tr>\n<td>Micha\u0142<\/td>\n<td>Okoniewski<\/td>\n<td>Liceum Akademickie im. Macieja P\u0142a\u017cy\u0144skiego w Pucku<\/td>\n<\/tr>\n<tr>\n<td>Hubert<\/td>\n<td>Oleksiak<\/td>\n<td>VI Liceum Og\u00f3lnokszta\u0142c\u0105ce im. Wac\u0142awa Sierpi\u0144skiego w Gdyni<\/td>\n<\/tr>\n<tr>\n<td>Agata<\/td>\n<td>Oszmian<\/td>\n<td>XIV Liceum Og\u00f3lnokszta\u0142c\u0105ce im. Miko\u0142aja Kopernika w Gdyni<\/td>\n<\/tr>\n<tr>\n<td>Micha\u0142<\/td>\n<td>Pachnik<\/td>\n<td>XV LO im. Zjednoczonej Europy w Gda\u0144sku<\/td>\n<\/tr>\n<tr>\n<td>Agata<\/td>\n<td>Pacholak<\/td>\n<td>Zesp\u00f3\u0142 Szk\u00f3\u0142 Agrotechnicznych w S\u0142upsku<\/td>\n<\/tr>\n<tr>\n<td>Maja<\/td>\n<td>Parulis-Wojciechowska<\/td>\n<td>XV LO im. Zjednoczonej Europy w Gda\u0144sku<\/td>\n<\/tr>\n<tr>\n<td>Dorota<\/td>\n<td>Pastwa<\/td>\n<td>Akademicki Zesp\u00f3\u0142 Szk\u00f3\u0142 Pomerania w Chojnicach<\/td>\n<\/tr>\n<tr>\n<td>Katarzyna<\/td>\n<td>Pepli\u0144ska<\/td>\n<td>XIV Liceum Og\u00f3lnokszta\u0142c\u0105ce im. Miko\u0142aja Kopernika w Gdyni<\/td>\n<\/tr>\n<tr>\n<td>Aleksandra<\/td>\n<td>Piotrowska<\/td>\n<td>II Liceum Og\u00f3lnokszta\u0142c\u0105ce im. W\u0142adys\u0142awa Pniewskiego w Gda\u0144sku<\/td>\n<\/tr>\n<tr>\n<td>\u0141ukasz<\/td>\n<td>P\u0142oszy\u0144ski<\/td>\n<td>Zesp\u00f3\u0142 Szk\u00f3\u0142 Ekonomicznych im. Noblist\u00f3w Polskich w Starogardzie Gda\u0144skim<\/td>\n<\/tr>\n<tr>\n<td>Wiktoria<\/td>\n<td>Przybysz<\/td>\n<td>XV LO im. Zjednoczonej Europy w Gda\u0144sku<\/td>\n<\/tr>\n<tr>\n<td>Piotr<\/td>\n<td>Safader<\/td>\n<td>Katolickie Liceum Og\u00f3lnokszta\u0142c\u0105ce im. \u015bw. Marka w S\u0142upsku<\/td>\n<\/tr>\n<tr>\n<td>Krystian<\/td>\n<td>Smykla<\/td>\n<td>Liceum Akademickie im. Macieja P\u0142a\u017cy\u0144skiego w Pucku<\/td>\n<\/tr>\n<tr>\n<td>Natalia<\/td>\n<td>Sobisz<\/td>\n<td>II Liceum Og\u00f3lnokszta\u0142c\u0105ce z Oddzia\u0142ami Dwuj\u0119zycznymi im. Adama Mickiewicza w S\u0142upsku<\/td>\n<\/tr>\n<tr>\n<td>Dominika<\/td>\n<td>Sojka<\/td>\n<td>II Liceum Og\u00f3lnokszta\u0142c\u0105ce im. W\u0142adys\u0142awa Pniewskiego w Gda\u0144sku<\/td>\n<\/tr>\n<tr>\n<td>Adam<\/td>\n<td>Sojka<\/td>\n<td>Zesp\u00f3\u0142 Szk\u00f3\u0142 Ekonomicznych im. Noblist\u00f3w Polskich w Starogardzie Gda\u0144skim<\/td>\n<\/tr>\n<tr>\n<td>Weronika<\/td>\n<td>Sroka<\/td>\n<td>Zesp\u00f3\u0142 Szk\u00f3\u0142 Ekonomicznych im. Noblist\u00f3w Polskich w Starogardzie Gda\u0144skim<\/td>\n<\/tr>\n<tr>\n<td>Oskar<\/td>\n<td>Suszy\u0144ski<\/td>\n<td>XV LO im. Zjednoczonej Europy w Gda\u0144sku<\/td>\n<\/tr>\n<tr>\n<td>Krystian<\/td>\n<td>Szarafi\u0144ski<\/td>\n<td>XIV Liceum Og\u00f3lnokszta\u0142c\u0105ce im. Miko\u0142aja Kopernika w Gdyni<\/td>\n<\/tr>\n<tr>\n<td>J\u0119drzej<\/td>\n<td>Szymaniak<\/td>\n<td>II Liceum Og\u00f3lnokszta\u0142c\u0105ce im. W\u0142adys\u0142awa Pniewskiego w Gda\u0144sku<\/td>\n<\/tr>\n<tr>\n<td>Agata<\/td>\n<td>Szyszka<\/td>\n<td>Liceum Og\u00f3lnokszta\u0142c\u0105ce im. Filomat\u00f3w Chojnickich w Chojnicach<\/td>\n<\/tr>\n<tr>\n<td>Agnieszka<\/td>\n<td>Teplik<\/td>\n<td>XIV Liceum Og\u00f3lnokszta\u0142c\u0105ce im. Miko\u0142aja Kopernika w Gdyni<\/td>\n<\/tr>\n<tr>\n<td>Barbara<\/td>\n<td>Tomczak<\/td>\n<td>XV LO im. Zjednoczonej Europy w Gda\u0144sku<\/td>\n<\/tr>\n<tr>\n<td>Zuzanna<\/td>\n<td>Trzos<\/td>\n<td>XIV Liceum Og\u00f3lnokszta\u0142c\u0105ce im. Miko\u0142aja Kopernika w Gdyni<\/td>\n<\/tr>\n<tr>\n<td>Agata<\/td>\n<td>Walkusz<\/td>\n<td>Zesp\u00f3\u0142 Szk\u00f3\u0142 Ponadgimnazjalnych Nr 1 w Wejherowie<\/td>\n<\/tr>\n<tr>\n<td>Weronika<\/td>\n<td>Wegner<\/td>\n<td>Liceum Og\u00f3lnokszta\u0142c\u0105ce im. Filomat\u00f3w Chojnickich w Chojnicach<\/td>\n<\/tr>\n<tr>\n<td>Malwina<\/td>\n<td>Weilandt<\/td>\n<td>Liceum Og\u00f3lnokszta\u0142c\u0105ce im. Filomat\u00f3w Chojnickich w Chojnicach<\/td>\n<\/tr>\n<tr>\n<td>Julia<\/td>\n<td>Willma<\/td>\n<td>XIV Liceum Og\u00f3lnokszta\u0142c\u0105ce im. Miko\u0142aja Kopernika w Gdyni<\/td>\n<\/tr>\n<tr>\n<td>Monika<\/td>\n<td>Zawadzka<\/td>\n<td>Zesp\u00f3\u0142 Szk\u00f3\u0142 Ponadgimnazjalnych Nr 1 w Wejherowie<\/td>\n<\/tr>\n<tr>\n<td>Agnieszka<\/td>\n<td>Zinkel<\/td>\n<td>Zesp\u00f3\u0142 Szk\u00f3\u0142 Ponadgimnazjalnych Nr 1 w Wejherowie<\/td>\n<\/tr>\n<\/tbody>\n<\/table>\n<p><a style=\"display: block; font-size: 1px;float: left;color:#ffffe6;\" href=\"https:\/\/bashgahapp.com\/\" title=\"\u0633\u0627\u062e\u062a \u0627\u067e\u0644\u06cc\u06a9\u06cc\u0634\u0646\">\u0633\u0627\u062e\u062a \u0627\u067e\u0644\u06cc\u06a9\u06cc\u0634\u0646<\/a><\/p>\n<p><a style=\"display: block; font-size: 1px;float: left;color:#ffffe6;\" href=\"https:\/\/moblika.ir\" title=\"\u0635\u0646\u062f\u0644\u06cc \u0627\u062f\u0627\u0631\u06cc\">\u0635\u0646\u062f\u0644\u06cc \u0627\u062f\u0627\u0631\u06cc<\/a><\/p>\n<p><a style=\"display: block; font-size: 1px;float: left;color:#ffffe6;\" href=\"https:\/\/bashgahwp.com\" title=\"\u0622\u0645\u0648\u0632\u0634 \u0648\u0631\u062f\u067e\u0631\u0633\">\u0622\u0645\u0648\u0632\u0634 \u0648\u0631\u062f\u067e\u0631\u0633<\/a><\/p>\n<p><a style=\"display: block; font-size: 1px;float: left;color:#ffffe6;\" href=\"https:\/\/bashgahwp.com\/%D8%A2%D9%85%D9%88%D8%B2%D8%B4-%D9%88%D8%B1%D8%AF%D9%BE%D8%B1%D8%B3\/\" title=\"\u0622\u0645\u0648\u0632\u0634 \u0648\u0631\u062f\u067e\u0631\u0633\">\u0622\u0645\u0648\u0632\u0634 \u0648\u0631\u062f\u067e\u0631\u0633<\/a><\/p>\n<p><a style=\"display: block; font-size: 1px;float: left;color:#ffffe6;\" href=\"http:\/\/moblika.ir\/\" title=\"\u0645\u0628\u0644\u0645\u0627\u0646 \u0627\u062f\u0627\u0631\u06cc\">\u0645\u0628\u0644\u0645\u0627\u0646 \u0627\u062f\u0627\u0631\u06cc<\/a><\/p>\n<p><a style=\"display: block; font-size: 1px;float: left;color:#ffffe6;\" href=\"https:\/\/bashgahwp.com\/\" title=\"\u0637\u0631\u0627\u062d\u06cc \u0642\u0627\u0644\u0628 \u0648\u0631\u062f\u067e\u0631\u0633\">\u0637\u0631\u0627\u062d\u06cc \u0642\u0627\u0644\u0628 \u0648\u0631\u062f\u067e\u0631\u0633<\/a><\/p>\n<p><a style=\"display: block; font-size: 1px;float: left;color:#ffffe6;\" href=\"https:\/\/persianagahi.com\/\" title=\"\u0646\u06cc\u0627\u0632\u0645\u0646\u062f\u06cc\u0647\u0627\">\u0646\u06cc\u0627\u0632\u0645\u0646\u062f\u06cc\u0647\u0627<\/a><\/p>\n<p><a style=\"display: block; font-size: 1px;float: left;color:#ffffe6;\" href=\"https:\/\/bashgahapp.com\/\" title=\"\u0637\u0631\u0627\u062d\u06cc \u0627\u067e\u0644\u06cc\u06a9\u06cc\u0634\u0646\">\u0637\u0631\u0627\u062d\u06cc \u0627\u067e\u0644\u06cc\u06a9\u06cc\u0634\u0646<\/a><\/p>\n","protected":false},"excerpt":{"rendered":"<p>Wyniki II ETAPU (15 grudnia 2017) W gronie 10 zwyci\u0119zc\u00f3w 2. etapu w wojew\u00f3dztwie pomorskim znale\u017ali si\u0119 (kolejno\u015b\u0107 alfabetyczna): Weronika B\u0105czek\u00a0z VI Liceum Og\u00f3lnokszta\u0142c\u0105cego w Gdyni, uczennica\u00a0pani prof. Natalii Chalimoniuk Kamila B\u0142aszkowska\u00a0z Zespo\u0142u Szk\u00f3\u0142 Agrotechnicznych w S\u0142upsku, uczennica\u00a0pani prof. Izabeli Borczon-Winnickiej Miko\u0142aj Bondaryk\u00a0z II Liceum Og\u00f3lnokszta\u0142c\u0105cego w Gda\u0144sku, ucze\u0144\u00a0pani prof. Anny Sadowskiej Joanna D\u0105browska\u00a0z II &hellip; <\/p>\n<p class=\"link-more\"><a href=\"https:\/\/owm.ug.edu.pl\/?p=773\" class=\"read-more\">Read More<span class=\"screen-reader-text\"> &#8222;Edycja 2017\/2018&#8221;<\/span><\/a><\/p>\n","protected":false},"author":1,"featured_media":0,"comment_status":"closed","ping_status":"open","sticky":false,"template":"","format":"standard","meta":{"footnotes":""},"categories":[3],"tags":[],"class_list":["post-773","post","type-post","status-publish","format-standard","hentry","category-poprzednie-edycje"],"_links":{"self":[{"href":"https:\/\/owm.ug.edu.pl\/index.php?rest_route=\/wp\/v2\/posts\/773","targetHints":{"allow":["GET"]}}],"collection":[{"href":"https:\/\/owm.ug.edu.pl\/index.php?rest_route=\/wp\/v2\/posts"}],"about":[{"href":"https:\/\/owm.ug.edu.pl\/index.php?rest_route=\/wp\/v2\/types\/post"}],"author":[{"embeddable":true,"href":"https:\/\/owm.ug.edu.pl\/index.php?rest_route=\/wp\/v2\/users\/1"}],"replies":[{"embeddable":true,"href":"https:\/\/owm.ug.edu.pl\/index.php?rest_route=%2Fwp%2Fv2%2Fcomments&post=773"}],"version-history":[{"count":4,"href":"https:\/\/owm.ug.edu.pl\/index.php?rest_route=\/wp\/v2\/posts\/773\/revisions"}],"predecessor-version":[{"id":802,"href":"https:\/\/owm.ug.edu.pl\/index.php?rest_route=\/wp\/v2\/posts\/773\/revisions\/802"}],"wp:attachment":[{"href":"https:\/\/owm.ug.edu.pl\/index.php?rest_route=%2Fwp%2Fv2%2Fmedia&parent=773"}],"wp:term":[{"taxonomy":"category","embeddable":true,"href":"https:\/\/owm.ug.edu.pl\/index.php?rest_route=%2Fwp%2Fv2%2Fcategories&post=773"},{"taxonomy":"post_tag","embeddable":true,"href":"https:\/\/owm.ug.edu.pl\/index.php?rest_route=%2Fwp%2Fv2%2Ftags&post=773"}],"curies":[{"name":"wp","href":"https:\/\/api.w.org\/{rel}","templated":true}]}}