{"id":838,"date":"2018-12-18T21:57:52","date_gmt":"2018-12-18T21:57:52","guid":{"rendered":"https:\/\/owm.ug.edu.pl\/?p=838"},"modified":"2018-12-18T22:45:32","modified_gmt":"2018-12-18T22:45:32","slug":"lista-osob-zakwalifikowanych-do-etapu-okregowego","status":"publish","type":"post","link":"https:\/\/owm.ug.edu.pl\/?p=838","title":{"rendered":"Lista os\u00f3b zakwalifikowanych do etapu okr\u0119gowego"},"content":{"rendered":"<p><strong>Lista os\u00f3b z wojew\u00f3dztwa pomorskiego zakwalifikowanych do etapu okr\u0119gowego w roku szkolnym 2018\/19<\/strong><\/p>\n<p>&nbsp;<\/p>\n<p>Weronika Adamczyk<\/p>\n<p>Piotr Berndt<\/p>\n<p>Patrycja Bie\u0144ko<\/p>\n<p>Martyna Brzozowska<\/p>\n<p>Jakub Budrewicz<\/p>\n<p>Amadeusz Cyman<\/p>\n<p>Kamil Czepukoj\u0107<\/p>\n<p>Oliwia Czupry\u0144ska<\/p>\n<p>Joanna D\u0105browska<\/p>\n<p>Jakub Duszewski<\/p>\n<p>Jacek Dziechci\u0144ski<\/p>\n<p>Natalia Engler<\/p>\n<p>Julia Figu\u0142a<\/p>\n<p>Monika Fischer<\/p>\n<p>Aleksander \u00a0Fra\u0144czak<\/p>\n<p>Karol G\u0105sienica<\/p>\n<p>Wiktoria G\u0119bura<\/p>\n<p>Marta Goluch<\/p>\n<p>Joanna Go\u0142\u0119biowska<\/p>\n<p>Nina Aleksandra G\u00f3rska-Rutkowska<\/p>\n<p>Aleksandra \u00a0Graul<\/p>\n<p>Weronika \u00a0Hirsz<\/p>\n<p>Oliwia Jackowska<\/p>\n<p>Patrycja Jakubowska<\/p>\n<p>Julia \u00a0Jankowska<\/p>\n<p>Aleksander Jankowski<\/p>\n<p>Maja Jarmarek<\/p>\n<p>Ma\u0142gorzata Juszko<\/p>\n<p>Monika Kaczorowska<\/p>\n<p>Weronika Kajpust<\/p>\n<p>Natalia Kami\u0144ska<\/p>\n<p>Jakub Kasperowicz<\/p>\n<p>Marcin Kijko<\/p>\n<p>Kinga Kilian<\/p>\n<p>Ma\u0142gorzata Kmieciak<\/p>\n<p>Piotr Kobrzak<\/p>\n<p>Paulina Ko\u0144czy\u0144ska<\/p>\n<p>Paulina Korczak<\/p>\n<p>Dominika Korol<\/p>\n<p>Martyna Kosecka<\/p>\n<p>Konrad Koz\u0142owski<\/p>\n<p>Wiktoria Krauze<\/p>\n<p>Alicja Kreft<\/p>\n<p>Cezary Kroplewski<\/p>\n<p>Jacek Kubale<\/p>\n<p>Eliza Kunath<\/p>\n<p>Oliwia Lejman<\/p>\n<p>Szymon Liczner<\/p>\n<p>Maria Lipi\u0144ska<\/p>\n<p>Wiktoria Lipska<\/p>\n<p>Gabriela Matejko<\/p>\n<p>Bartosz Matu\u0142a<\/p>\n<p>Zofia Merchel<\/p>\n<p>Marika Mierzwicka<\/p>\n<p>Kacper Nap\u0142oszek<\/p>\n<p>Patrycja Nowakowska<\/p>\n<p>Weronika \u00a0Nowotarska<\/p>\n<p>Paulina Nurek<\/p>\n<p>Emilia Olszewska<\/p>\n<p>Karolina \u00a0Partyka<\/p>\n<p>Maja Parulis-Wojciechowska<\/p>\n<p>Dorota Pastwa<\/p>\n<p>Stanis\u0142aw Paw\u0142owski<\/p>\n<p>Maciej Piotrowicz<\/p>\n<p>Aleksandra Piotrowska<\/p>\n<p>Dominika Plaskota<\/p>\n<p>Jakub Pude\u0142ko<\/p>\n<p>Marta Pu\u0142ka<\/p>\n<p>Ma\u0142gorzata Rutkowska<\/p>\n<p>Anna Sadowska<\/p>\n<p>Julia \u00a0Sierzputowska<\/p>\n<p>Dominika Sobiera\u0144ska<\/p>\n<p>Patrycja \u00a0Sob\u00f3l<\/p>\n<p>Adam Sojka<\/p>\n<p>Maria Soko\u0142owska<\/p>\n<p>Anna Stefaniak<\/p>\n<p>Paulina Tarnawska<\/p>\n<p>Aleksandra Tomaszewska<\/p>\n<p>Barbara Tomczak<\/p>\n<p>Julia Trawi\u0144ska<\/p>\n<p>Julia \u00a0Tryzna<\/p>\n<p>Kacper Wasilewski<\/p>\n<p>Weronika \u00a0Wolf<\/p>\n<p>Marta Zapart<\/p>\n<p>Patrycja Zielke<\/p>\n<p>Marta \u017beromska<\/p>\n","protected":false},"excerpt":{"rendered":"<p>Lista os\u00f3b z wojew\u00f3dztwa pomorskiego zakwalifikowanych do etapu okr\u0119gowego w roku szkolnym 2018\/19 &nbsp; Weronika Adamczyk Piotr Berndt Patrycja Bie\u0144ko Martyna Brzozowska Jakub Budrewicz Amadeusz Cyman Kamil Czepukoj\u0107 Oliwia Czupry\u0144ska Joanna D\u0105browska Jakub Duszewski Jacek Dziechci\u0144ski Natalia Engler Julia Figu\u0142a Monika Fischer Aleksander \u00a0Fra\u0144czak Karol G\u0105sienica Wiktoria G\u0119bura Marta Goluch Joanna Go\u0142\u0119biowska Nina Aleksandra G\u00f3rska-Rutkowska &hellip; <\/p>\n<p class=\"link-more\"><a href=\"https:\/\/owm.ug.edu.pl\/?p=838\" class=\"read-more\">Read More<span class=\"screen-reader-text\"> &#8222;Lista os\u00f3b zakwalifikowanych do etapu okr\u0119gowego&#8221;<\/span><\/a><\/p>\n","protected":false},"author":1,"featured_media":0,"comment_status":"closed","ping_status":"closed","sticky":false,"template":"","format":"standard","meta":{"footnotes":""},"categories":[4],"tags":[],"class_list":["post-838","post","type-post","status-publish","format-standard","hentry","category-4"],"_links":{"self":[{"href":"https:\/\/owm.ug.edu.pl\/index.php?rest_route=\/wp\/v2\/posts\/838","targetHints":{"allow":["GET"]}}],"collection":[{"href":"https:\/\/owm.ug.edu.pl\/index.php?rest_route=\/wp\/v2\/posts"}],"about":[{"href":"https:\/\/owm.ug.edu.pl\/index.php?rest_route=\/wp\/v2\/types\/post"}],"author":[{"embeddable":true,"href":"https:\/\/owm.ug.edu.pl\/index.php?rest_route=\/wp\/v2\/users\/1"}],"replies":[{"embeddable":true,"href":"https:\/\/owm.ug.edu.pl\/index.php?rest_route=%2Fwp%2Fv2%2Fcomments&post=838"}],"version-history":[{"count":2,"href":"https:\/\/owm.ug.edu.pl\/index.php?rest_route=\/wp\/v2\/posts\/838\/revisions"}],"predecessor-version":[{"id":849,"href":"https:\/\/owm.ug.edu.pl\/index.php?rest_route=\/wp\/v2\/posts\/838\/revisions\/849"}],"wp:attachment":[{"href":"https:\/\/owm.ug.edu.pl\/index.php?rest_route=%2Fwp%2Fv2%2Fmedia&parent=838"}],"wp:term":[{"taxonomy":"category","embeddable":true,"href":"https:\/\/owm.ug.edu.pl\/index.php?rest_route=%2Fwp%2Fv2%2Fcategories&post=838"},{"taxonomy":"post_tag","embeddable":true,"href":"https:\/\/owm.ug.edu.pl\/index.php?rest_route=%2Fwp%2Fv2%2Ftags&post=838"}],"curies":[{"name":"wp","href":"https:\/\/api.w.org\/{rel}","templated":true}]}}