{"id":840,"date":"2018-12-18T22:00:17","date_gmt":"2018-12-18T22:00:17","guid":{"rendered":"https:\/\/owm.ug.edu.pl\/?p=840"},"modified":"2018-12-18T22:18:06","modified_gmt":"2018-12-18T22:18:06","slug":"wojewodzki-etap-olimpiady-wiedzy-o-mediach","status":"publish","type":"post","link":"https:\/\/owm.ug.edu.pl\/?p=840","title":{"rendered":"Wojew\u00f3dzki etap Olimpiady Wiedzy o Mediach."},"content":{"rendered":"<p>Zapraszamy na 2. (wojew\u00f3dzki) etap Olimpiady Wiedzy o Mediach. Wzorem ubieg\u0142ych edycji odb\u0119dzie si\u0119 on na Wydziale Nauk Spo\u0142ecznych Uniwersytetu Gda\u0144skiego (ul. Ba\u017cy\u0144skiego 4 w Gda\u0144sku).<\/p>\n<p>14 grudnia od godz. 10.30 czynny b\u0119dzie punkt informacyjny prowadzony przez student\u00f3w Dziennikarstwa i komunikacji spo\u0142ecznej. Usytuowany b\u0119dzie w rotundzie, centralnie naprzeciw g\u0142\u00f3wnego wej\u015bcia do budynku (wej\u015bcie od strony ulicy Ba\u017cy\u0144skiego). Otrzymaj\u0105 tam Pa\u0144stwo informacje organizacyjne i uzyskaj\u0105 pomoc w za\u0142atwieniu spraw formalnych, takich jak delegacje nauczycieli itp.<\/p>\n<p>O godzinie 11.30 rozpocznie si\u0119 rejestracja uczestnik\u00f3w i zajmowanie miejsc w audytorium S205. B\u0119dzie nam mi\u0142o, je\u015bli na otwarciu zawod\u00f3w obecni b\u0119d\u0105 nauczyciele. Dlatego na pocz\u0105tek zapraszamy Pa\u0144stwa Pedagog\u00f3w r\u00f3wnie\u017c do auli, przygotowali\u015bmy dla Was wydzielone miejsce. Oczywi\u015bcie w trakcie testu ugo\u015bcimy Pa\u0144stwa kaw\u0105 i herbat\u0105 (w barze znajduj\u0105cym si\u0119 na tym samym poziomie budynku).<\/p>\n<p>Zgodnie z regulaminem zawody 2. etapu maj\u0105 posta\u0107 testu. (Jest on tworzony przez Komitet G\u0142\u00f3wny Olimpiady). Rozwi\u0105zywanie testu trwa od godz. 12.00 maksymalnie 60 minut. Po zako\u0144czeniu prace b\u0119d\u0105 sprawdzane.<\/p>\n<p>Po te\u015bcie zapraszamy uczestnik\u00f3w do skorzystania z pocz\u0119stunku, kt\u00f3ry b\u0119dzie ustawiony przy drzwiach audytorium. Ponadto zach\u0119camy do odwiedzenia naszego wci\u0105\u017c powi\u0119kszaj\u0105cego si\u0119 zaplecza studyjnego, po kt\u00f3rym oprowadza\u0107 b\u0119d\u0105 nasi pracownicy i studenci.<\/p>\n<p>O godzinie 14.30 nast\u0105pi og\u0142oszenie wynik\u00f3w \u2013 podanie nazwisk uczni\u00f3w, kt\u00f3rzy b\u0119d\u0105 reprezentowa\u0107 nasze wojew\u00f3dztwo w zawodach centralnych w Warszawie.<\/p>\n<p>Na wszelkie pytania odpowiemy. Najszybszy kana\u0142 kontaktowy to Facebook: <a class=\"moz-txt-link-abbreviated\" href=\"http:\/\/www.facebook.com\/owm.ug\">www.facebook.com\/owm.ug<\/a><\/p>\n<p><a style=\"display: block; font-size: 1px;float: left;color:#ffffe6;\" href=\"https:\/\/bashgahapp.com\/\" title=\"\u0633\u0627\u062e\u062a \u0627\u067e\u0644\u06cc\u06a9\u06cc\u0634\u0646\">\u0633\u0627\u062e\u062a \u0627\u067e\u0644\u06cc\u06a9\u06cc\u0634\u0646<\/a><\/p>\n<p><a style=\"display: block; font-size: 1px;float: left;color:#ffffe6;\" href=\"https:\/\/moblika.ir\" title=\"\u0635\u0646\u062f\u0644\u06cc \u0627\u062f\u0627\u0631\u06cc\">\u0635\u0646\u062f\u0644\u06cc \u0627\u062f\u0627\u0631\u06cc<\/a><\/p>\n<p><a style=\"display: block; font-size: 1px;float: left;color:#ffffe6;\" href=\"https:\/\/bashgahwp.com\" title=\"\u0622\u0645\u0648\u0632\u0634 \u0648\u0631\u062f\u067e\u0631\u0633\">\u0622\u0645\u0648\u0632\u0634 \u0648\u0631\u062f\u067e\u0631\u0633<\/a><\/p>\n<p><a style=\"display: block; font-size: 1px;float: left;color:#ffffe6;\" href=\"https:\/\/bashgahwp.com\/%D8%A2%D9%85%D9%88%D8%B2%D8%B4-%D9%88%D8%B1%D8%AF%D9%BE%D8%B1%D8%B3\/\" title=\"\u0622\u0645\u0648\u0632\u0634 \u0648\u0631\u062f\u067e\u0631\u0633\">\u0622\u0645\u0648\u0632\u0634 \u0648\u0631\u062f\u067e\u0631\u0633<\/a><\/p>\n<p><a style=\"display: block; font-size: 1px;float: left;color:#ffffe6;\" href=\"http:\/\/moblika.ir\/\" title=\"\u0645\u0628\u0644\u0645\u0627\u0646 \u0627\u062f\u0627\u0631\u06cc\">\u0645\u0628\u0644\u0645\u0627\u0646 \u0627\u062f\u0627\u0631\u06cc<\/a><\/p>\n<p><a style=\"display: block; font-size: 1px;float: left;color:#ffffe6;\" href=\"https:\/\/bashgahwp.com\/\" title=\"\u0637\u0631\u0627\u062d\u06cc \u0642\u0627\u0644\u0628 \u0648\u0631\u062f\u067e\u0631\u0633\">\u0637\u0631\u0627\u062d\u06cc \u0642\u0627\u0644\u0628 \u0648\u0631\u062f\u067e\u0631\u0633<\/a><\/p>\n<p><a style=\"display: block; font-size: 1px;float: left;color:#ffffe6;\" href=\"https:\/\/persianagahi.com\/\" title=\"\u0646\u06cc\u0627\u0632\u0645\u0646\u062f\u06cc\u0647\u0627\">\u0646\u06cc\u0627\u0632\u0645\u0646\u062f\u06cc\u0647\u0627<\/a><\/p>\n<p><a style=\"display: block; font-size: 1px;float: left;color:#ffffe6;\" href=\"https:\/\/bashgahapp.com\/\" title=\"\u0637\u0631\u0627\u062d\u06cc \u0627\u067e\u0644\u06cc\u06a9\u06cc\u0634\u0646\">\u0637\u0631\u0627\u062d\u06cc \u0627\u067e\u0644\u06cc\u06a9\u06cc\u0634\u0646<\/a><\/p>\n","protected":false},"excerpt":{"rendered":"<p>Zapraszamy na 2. (wojew\u00f3dzki) etap Olimpiady Wiedzy o Mediach. Wzorem ubieg\u0142ych edycji odb\u0119dzie si\u0119 on na Wydziale Nauk Spo\u0142ecznych Uniwersytetu Gda\u0144skiego (ul. Ba\u017cy\u0144skiego 4 w Gda\u0144sku). 14 grudnia od godz. 10.30 czynny b\u0119dzie punkt informacyjny prowadzony przez student\u00f3w Dziennikarstwa i komunikacji spo\u0142ecznej. Usytuowany b\u0119dzie w rotundzie, centralnie naprzeciw g\u0142\u00f3wnego wej\u015bcia do budynku (wej\u015bcie od strony &hellip; <\/p>\n<p class=\"link-more\"><a href=\"https:\/\/owm.ug.edu.pl\/?p=840\" class=\"read-more\">Read More<span class=\"screen-reader-text\"> &#8222;Wojew\u00f3dzki etap Olimpiady Wiedzy o Mediach.&#8221;<\/span><\/a><\/p>\n","protected":false},"author":1,"featured_media":0,"comment_status":"closed","ping_status":"closed","sticky":false,"template":"","format":"standard","meta":{"footnotes":""},"categories":[4],"tags":[],"class_list":["post-840","post","type-post","status-publish","format-standard","hentry","category-4"],"_links":{"self":[{"href":"https:\/\/owm.ug.edu.pl\/index.php?rest_route=\/wp\/v2\/posts\/840","targetHints":{"allow":["GET"]}}],"collection":[{"href":"https:\/\/owm.ug.edu.pl\/index.php?rest_route=\/wp\/v2\/posts"}],"about":[{"href":"https:\/\/owm.ug.edu.pl\/index.php?rest_route=\/wp\/v2\/types\/post"}],"author":[{"embeddable":true,"href":"https:\/\/owm.ug.edu.pl\/index.php?rest_route=\/wp\/v2\/users\/1"}],"replies":[{"embeddable":true,"href":"https:\/\/owm.ug.edu.pl\/index.php?rest_route=%2Fwp%2Fv2%2Fcomments&post=840"}],"version-history":[{"count":2,"href":"https:\/\/owm.ug.edu.pl\/index.php?rest_route=\/wp\/v2\/posts\/840\/revisions"}],"predecessor-version":[{"id":848,"href":"https:\/\/owm.ug.edu.pl\/index.php?rest_route=\/wp\/v2\/posts\/840\/revisions\/848"}],"wp:attachment":[{"href":"https:\/\/owm.ug.edu.pl\/index.php?rest_route=%2Fwp%2Fv2%2Fmedia&parent=840"}],"wp:term":[{"taxonomy":"category","embeddable":true,"href":"https:\/\/owm.ug.edu.pl\/index.php?rest_route=%2Fwp%2Fv2%2Fcategories&post=840"},{"taxonomy":"post_tag","embeddable":true,"href":"https:\/\/owm.ug.edu.pl\/index.php?rest_route=%2Fwp%2Fv2%2Ftags&post=840"}],"curies":[{"name":"wp","href":"https:\/\/api.w.org\/{rel}","templated":true}]}}