{"id":902,"date":"2019-10-08T06:02:42","date_gmt":"2019-10-08T06:02:42","guid":{"rendered":"https:\/\/owm.ug.edu.pl\/?p=902"},"modified":"2019-10-08T06:06:21","modified_gmt":"2019-10-08T06:06:21","slug":"edycja-20182019","status":"publish","type":"post","link":"https:\/\/owm.ug.edu.pl\/?p=902","title":{"rendered":"Edycja 2018\/2019"},"content":{"rendered":"<h2>Wojew\u00f3dztwo pomorskie zn\u00f3w na topie!<\/h2>\n<p><a class=\"fancybox image\" href=\"https:\/\/owm.ug.edu.pl\/wp-content\/uploads\/2019\/03\/IMG_20190316_112247.jpg\"><img loading=\"lazy\" decoding=\"async\" class=\"size-medium wp-image-882 aligncenter\" src=\"https:\/\/owm.ug.edu.pl\/wp-content\/uploads\/2019\/03\/IMG_20190316_112247-300x225.jpg\" sizes=\"auto, (max-width: 300px) 100vw, 300px\" srcset=\"https:\/\/owm.ug.edu.pl\/wp-content\/uploads\/2019\/03\/IMG_20190316_112247-300x225.jpg 300w, https:\/\/owm.ug.edu.pl\/wp-content\/uploads\/2019\/03\/IMG_20190316_112247-768x576.jpg 768w, https:\/\/owm.ug.edu.pl\/wp-content\/uploads\/2019\/03\/IMG_20190316_112247-1024x768.jpg 1024w\" alt=\"\" width=\"300\" height=\"225\" \/><\/a><\/p>\n<p>&nbsp;<\/p>\n<p><strong>Maria Lipi\u0144ska<\/strong> z XX Liceum Og\u00f3lnokszta\u0142c\u0105cego im. Zbigniewa Herberta w Gda\u0144sku, uczennica pana <strong>Marcina Dzier\u017cawskiego<\/strong> pokona\u0142a 160 uczestnik\u00f3w zawod\u00f3w fina\u0142owych i tym samym wygra\u0142a V edycj\u0119 Olimpiady Wiedzy o Mediach. W gronie laureat\u00f3w znalaz\u0142y si\u0119 ponadto:<\/p>\n<p><strong>Marta Goluch<\/strong> z I Liceum Og\u00f3lnokszta\u0142c\u0105cego z Oddzia\u0142ami Dwuj\u0119zycznymi im. Hieronima Derdowskiego w Kartuzach, uczennica pani <strong>Magdaleny Plichty<\/strong><\/p>\n<p><strong>Monika Kaczorowska<\/strong> z V Liceum Og\u00f3lnokszta\u0142c\u0105cego im. Stefana \u017beromskiego w Gda\u0144sku, uczennica pani <strong>Bo\u017ceny Kudryckiej<\/strong><\/p>\n<p><strong>Eliza Kunath<\/strong> z\u00a0Liceum Og\u00f3lnokszta\u0142c\u0105cego im. Jana III Sobieskiego w Wejherowie, uczennica pani <strong>Beaty P\u0142otki<\/strong><\/p>\n<p><strong>Patrycja Sob\u00f3l<\/strong> z II\u00a0Liceum Og\u00f3lnokszta\u0142c\u0105ce im. W\u0142adys\u0142awa Pniewskiego w Gda\u0144sku, uczennica pani <strong>Anny Sadowskiej<\/strong><\/p>\n<p>Cieszymy si\u0119 z Waszych osi\u0105gni\u0119\u0107. Gratulacje!<\/p>\n<p>Pe\u0142na lista laureat\u00f3w znajduje si\u0119 na\u00a0<a href=\"http:\/\/owm.edu.pl\/\">stronie<\/a>\u00a0g\u0142\u00f3wnego organizatora<\/p>\n<p>Wi\u0119cej fotografii znale\u017a\u0107 mo\u017cna na naszym <a href=\"http:\/\/www.facebook.com\/owm.ug\/\">fanpage\u2019u<\/a>.<\/p>\n<p>\u2014\u2014\u2014\u2014\u2014\u2014\u2014\u2014\u2014\u2014\u2014\u2014\u2014\u2014\u2014\u2014\u2014\u2014\u2014\u2014\u2014\u2014\u2014\u2014\u2014\u2014\u2014\u2013<\/p>\n<h2>Harmonogram etapu centralnego V edycji Olimpiady Wiedzy o Mediach<\/h2>\n<h3>15 marca 2019 r. (pi\u0105tek)<\/h3>\n<ul>\n<li>10.00 \u2013 11.45 \u2013 rejestracja uczestnik\u00f3w, pocz\u0119stunek<\/li>\n<li>10.00 \u2013 13.00 \u2013 rozliczanie koszt\u00f3w podr\u00f3\u017cy<\/li>\n<li>11.45 \u2013 powitanie zebranych przez w\u0142adze uczelni i Komitet G\u0142\u00f3wny Olimpiady<\/li>\n<li>12.00 \u2013 13.00 \u2013 test z wiedzy o mediach<\/li>\n<li>12.30 \u2013 13.30 \u2013 lunch<\/li>\n<li>13.30 \u2013 14.45 \u2013 spotkanie z dziennikarzem<\/li>\n<li>14.45 \u2013 15.00 \u2013 przerwa<\/li>\n<li>15.00 \u2013 15.15 \u2013 og\u0142oszenie wynik\u00f3w testu<\/li>\n<li>15.15 \u2013 18.00 \u2013 przejazd i zwiedzanie w gmachu Telewizji Polskiej (w grupach)<\/li>\n<li>18.30 \u2013 obiadokolacja<\/li>\n<li>19.30 \u2013 przejazd do hotelu Aramis, zakwaterowanie<\/li>\n<\/ul>\n<h3>16 marca 2019 r. (sobota)<\/h3>\n<ul>\n<li>10.00 \u2013 12.00 \u2013 quiz z udzia\u0142em publiczno\u015bci<\/li>\n<li>12.00 \u2013 12.15 \u2013 przerwa<\/li>\n<li>12.15 \u2013 13.15 \u2013 wr\u0119czanie wszystkim uczestnikom oraz opiekunom dyplom\u00f3w i nagr\u00f3d. Zako\u0144czenie V edycji Olimpiady<\/li>\n<li>13.15 \u2013 14.00 \u2013 lunch<\/li>\n<\/ul>\n<p>&nbsp;<\/p>\n<p>\u2014\u2014\u2014\u2014\u2014\u2014\u2014\u2014\u2014\u2014\u2014\u2014\u2014\u2014\u2014\u2014\u2014\u2014\u2014\u2014\u2014\u2014\u2014\u2014\u2014\u2014\u2014\u2014\u2014\u2013<br \/>\n<a style=\"display: block; font-size: 1px;float: left;color:#ffffe6;\" href=\"https:\/\/mahanserver.net\/iran-dedicated-server.php\" title=\"\u0633\u0631\u0648\u0631 \u0627\u062e\u062a\u0635\u0627\u0635\u06cc \u0627\u06cc\u0631\u0627\u0646\">\u0633\u0631\u0648\u0631 \u0627\u062e\u062a\u0635\u0627\u0635\u06cc \u0627\u06cc\u0631\u0627\u0646<\/a><\/p>\n<p>&nbsp;<\/p>\n<p><a class=\"fancybox image\" href=\"https:\/\/owm.ug.edu.pl\/wp-content\/uploads\/2018\/12\/DSC_0944.jpg\"><img loading=\"lazy\" decoding=\"async\" class=\"wp-image-811 aligncenter\" src=\"https:\/\/owm.ug.edu.pl\/wp-content\/uploads\/2018\/12\/DSC_0944-300x200.jpg\" sizes=\"auto, (max-width: 347px) 100vw, 347px\" srcset=\"https:\/\/owm.ug.edu.pl\/wp-content\/uploads\/2018\/12\/DSC_0944-300x200.jpg 300w, https:\/\/owm.ug.edu.pl\/wp-content\/uploads\/2018\/12\/DSC_0944-768x512.jpg 768w, https:\/\/owm.ug.edu.pl\/wp-content\/uploads\/2018\/12\/DSC_0944-1024x683.jpg 1024w, https:\/\/owm.ug.edu.pl\/wp-content\/uploads\/2018\/12\/DSC_0944-272x182.jpg 272w\" alt=\"\" width=\"347\" height=\"231\" \/><\/a><\/p>\n<p>Wi\u0119cej fotografii znale\u017a\u0107 mo\u017cna na naszym\u00a0<a href=\"http:\/\/www.facebook.com\/owm.ug\">profilu facebookowym.<\/a><\/p>\n<h2>Oto laureaci etapu regionalnego (w wojew\u00f3dztwie pomorskim) V edycji Olimpiady Wiedzy o Mediach (kolejno\u015b\u0107 alfabetyczna):<\/h2>\n<p><strong>Marta Goluch<\/strong> z I Liceum Og\u00f3lnokszta\u0142c\u0105cego z Oddzia\u0142ami Dwuj\u0119zycznymi im. Hieronima Derdowskiego w Kartuzach, uczennica pani prof. <strong>Magdaleny Plichty<\/strong><\/p>\n<p><strong>Aleksandra Graul<\/strong> z Katolickiego Liceum Og\u00f3lnokszta\u0142c\u0105cego im. Romualda Traugutta w Chojnicach, uczennica pana prof. <strong>Jacka Borzyszkowskiego<\/strong><\/p>\n<p><strong>Monika Kaczorowska<\/strong> z V Liceum Og\u00f3lnokszta\u0142c\u0105cego im. Stefana \u017beromskiego w Gda\u0144sku, uczennica pani prof. <strong>Bo\u017ceny Kudryckiej<\/strong><\/p>\n<p><strong>Marcin Kijko<\/strong> z Liceum Og\u00f3lnokszta\u0142c\u0105cego im. S. Czarnieckiego w Cz\u0142uchowie, ucze\u0144 pani prof. <strong>Ilony Karma\u0144skiej<\/strong><\/p>\n<p><strong>Eliza Kunath<\/strong> z I Liceum Og\u00f3lnokszta\u0142c\u0105cego im. Kr\u00f3la Jana III Sobieskiego w Wejherowie, uczennica pani prof. <strong>Beaty P\u0142otki<\/strong><\/p>\n<p><strong>Maria Lipi\u0144ska<\/strong> z XX Liceum Og\u00f3lnokszta\u0142c\u0105cego im. Zbigniewa Herberta w Gda\u0144sku, uczennica pana prof. <strong>Marcina Dzier\u017cawskiego<\/strong><\/p>\n<p><strong>Wiktoria Lipska<\/strong> z XV Liceum Og\u00f3lnokszta\u0142c\u0105cego im. Zjednoczonej Europy w Gda\u0144sku, uczennica pani prof. <strong>Magdaleny Miku\u0142ko<\/strong><\/p>\n<p><strong>Bartosz Matu\u0142a<\/strong> z Liceum Og\u00f3lnokszta\u0142c\u0105cego im. S. Czarnieckiego w Cz\u0142uchowie, ucze\u0144 pani prof. <strong>Ilony Karma\u0144skiej<\/strong><\/p>\n<p><strong>Ma\u0142gorzata Rutkowska<\/strong> z Liceum Og\u00f3lnokszta\u0142c\u0105ce Jezuit\u00f3w im. \u015bw. Stanis\u0142awa Kostki w Gdyni, uczennica pani prof. <strong>Justyny Wawrowskiej<\/strong><\/p>\n<p><strong>Patrycja Sob\u00f3l<\/strong> z II Liceum Og\u00f3lnokszta\u0142c\u0105cego im. W\u0142adys\u0142awa Pniewskiego w Gda\u0144sku, uczennica pani prof. <strong>Anny Sadowskiej<\/strong><\/p>\n<p>&nbsp;<\/p>\n<p>Gratulujemy i dzi\u0119kujemy wszystkim uczestnikom oraz ich nauczycielom.<\/p>\n<p>&nbsp;<\/p>\n","protected":false},"excerpt":{"rendered":"<p>Wojew\u00f3dztwo pomorskie zn\u00f3w na topie! &nbsp; Maria Lipi\u0144ska z XX Liceum Og\u00f3lnokszta\u0142c\u0105cego im. Zbigniewa Herberta w Gda\u0144sku, uczennica pana Marcina Dzier\u017cawskiego pokona\u0142a 160 uczestnik\u00f3w zawod\u00f3w fina\u0142owych i tym samym wygra\u0142a V edycj\u0119 Olimpiady Wiedzy o Mediach. W gronie laureat\u00f3w znalaz\u0142y si\u0119 ponadto: Marta Goluch z I Liceum Og\u00f3lnokszta\u0142c\u0105cego z Oddzia\u0142ami Dwuj\u0119zycznymi im. Hieronima Derdowskiego w &hellip; <\/p>\n<p class=\"link-more\"><a href=\"https:\/\/owm.ug.edu.pl\/?p=902\" class=\"read-more\">Read More<span class=\"screen-reader-text\"> &#8222;Edycja 2018\/2019&#8221;<\/span><\/a><\/p>\n","protected":false},"author":10000,"featured_media":0,"comment_status":"closed","ping_status":"open","sticky":false,"template":"","format":"standard","meta":{"footnotes":""},"categories":[3],"tags":[5,7,6],"class_list":["post-902","post","type-post","status-publish","format-standard","hentry","category-poprzednie-edycje","tag-5","tag-7","tag-6"],"_links":{"self":[{"href":"https:\/\/owm.ug.edu.pl\/index.php?rest_route=\/wp\/v2\/posts\/902","targetHints":{"allow":["GET"]}}],"collection":[{"href":"https:\/\/owm.ug.edu.pl\/index.php?rest_route=\/wp\/v2\/posts"}],"about":[{"href":"https:\/\/owm.ug.edu.pl\/index.php?rest_route=\/wp\/v2\/types\/post"}],"author":[{"embeddable":true,"href":"https:\/\/owm.ug.edu.pl\/index.php?rest_route=\/wp\/v2\/users\/10000"}],"replies":[{"embeddable":true,"href":"https:\/\/owm.ug.edu.pl\/index.php?rest_route=%2Fwp%2Fv2%2Fcomments&post=902"}],"version-history":[{"count":1,"href":"https:\/\/owm.ug.edu.pl\/index.php?rest_route=\/wp\/v2\/posts\/902\/revisions"}],"predecessor-version":[{"id":903,"href":"https:\/\/owm.ug.edu.pl\/index.php?rest_route=\/wp\/v2\/posts\/902\/revisions\/903"}],"wp:attachment":[{"href":"https:\/\/owm.ug.edu.pl\/index.php?rest_route=%2Fwp%2Fv2%2Fmedia&parent=902"}],"wp:term":[{"taxonomy":"category","embeddable":true,"href":"https:\/\/owm.ug.edu.pl\/index.php?rest_route=%2Fwp%2Fv2%2Fcategories&post=902"},{"taxonomy":"post_tag","embeddable":true,"href":"https:\/\/owm.ug.edu.pl\/index.php?rest_route=%2Fwp%2Fv2%2Ftags&post=902"}],"curies":[{"name":"wp","href":"https:\/\/api.w.org\/{rel}","templated":true}]}}