{"id":975,"date":"2021-10-05T19:10:29","date_gmt":"2021-10-05T19:10:29","guid":{"rendered":"https:\/\/owm.ug.edu.pl\/?p=975"},"modified":"2021-10-05T19:10:29","modified_gmt":"2021-10-05T19:10:29","slug":"edycja-20202021","status":"publish","type":"post","link":"https:\/\/owm.ug.edu.pl\/?p=975","title":{"rendered":"Edycja 2020\/2021"},"content":{"rendered":"<h2 style=\"text-align: center;\">Wszyscy reprezentanci naszego wojew\u00f3dztwa laureatami Olimpiady!<\/h2>\n<p style=\"text-align: justify;\">Mi\u0142o nam poinformowa\u0107, \u017ce wszyscy zwyci\u0119zcy zawod\u00f3w w wojew\u00f3dztwie pomorskim wywalczyli w tym roku tytu\u0142 laureata Olimpiady Wiedzy o Mediach. Pi\u0119cioro z nich zakwalifikowa\u0142o si\u0119 do fina\u0142owego quizu, w kt\u00f3rym zaj\u0119li czo\u0142owe miejsca. Oto ich lista:<\/p>\n<p style=\"text-align: justify;\">2. miejsce: Laura Dobek z III Liceum Og\u00f3lnokszta\u0142c\u0105cego im. Marynarki Wojennej RP w Gdyni, uczennica pani prof. Joanny Piechowiak<br \/>\n3. miejsce: Rados\u0142aw Waga z III Liceum Og\u00f3lnokszta\u0142c\u0105cego im. Marynarki Wojennej RP w Gdyni, ucze\u0144 pani prof. Joanny Piechowiak<br \/>\n4. miejsce: Micha\u0142 Cegielski z Salezja\u0144skiego Liceum Og\u00f3lnokszta\u0142c\u0105cego im. \u015aw. Jana Bosko w Rumi, ucze\u0144 pani prof. Justyny Polniak<br \/>\n6. miejsce: Wiktoria O\u017ca\u0144ska z Liceum Og\u00f3lnokszta\u0142c\u0105cego im. Filomat\u00f3w Chojnickich w Chojnicach, uczennica pana prof. Jacka Borzyszkowskiego<br \/>\n9. miejsce: Emilia Wojdylak z III Liceum Og\u00f3lnokszta\u0142c\u0105cego im. Marynarki Wojennej RP w Gdyni, uczennica pani prof. Joanny Piechowiak<\/p>\n<p style=\"text-align: justify;\">Ponadto w gronie laureat\u00f3w VI edycji znale\u017ali si\u0119:<\/p>\n<p style=\"text-align: justify;\">Wiktoria Celban<br \/>\nTullia Grossi<br \/>\nMateusz Rytlewski<br \/>\nAgata \u015awi\u0119cicka<br \/>\nWiktoria Tandecka<\/p>\n<p style=\"text-align: justify;\">Wszyscy nasi uczniowie otrzymali opr\u00f3cz nagr\u00f3d rzeczowych indeks na studia dziennikarskie w dowolnym, wybranym przez uczestnika wojew\u00f3dztwie.<\/p>\n<p style=\"text-align: justify;\">Do wyj\u0105tkowych osi\u0105gni\u0119\u0107 z lat ubieg\u0142ych dok\u0142adamy zatem kolejne, kto wie, czy nie najwa\u017cniejsze. Tegoroczne wyniki pokazuj\u0105, \u017ce nasi uczniowie prezentuj\u0105 wyr\u00f3wnany wysoki poziom.<\/p>\n<p style=\"text-align: justify;\">To wyj\u0105tkowe osi\u0105gni\u0119cie, za kt\u00f3re dzi\u0119kujemy uczniom i naszym drogim nauczycielom.<\/p>\n<h2 style=\"text-align: left;\">&#8212;&#8212;&#8212;&#8212;&#8212;&#8212;&#8212;&#8212;&#8212;&#8212;&#8212;&#8212;&#8212;&#8212;&#8212;&#8212;&#8212;&#8212;&#8212;&#8212;&#8212;&#8212;&#8212;&#8212;&#8212;&#8212;&#8212;&#8212;&#8212;&#8212;&#8212;&#8211;<\/h2>\n<h2 style=\"text-align: center;\"><strong>Zwyci\u0119zcy 2. etapu Olimpiady Wiedzy o mediach w wojew\u00f3dztwie pomorskim:<\/strong><\/h2>\n<table>\n<tbody>\n<tr>\n<td>Cegielski<\/td>\n<td>Micha\u0142<\/td>\n<\/tr>\n<tr>\n<td>Celban<\/td>\n<td>Wiktoria<\/td>\n<\/tr>\n<tr>\n<td>Dobek<\/td>\n<td>Laura<\/td>\n<\/tr>\n<tr>\n<td>Grossi<\/td>\n<td>Tullia<\/td>\n<\/tr>\n<tr>\n<td>O\u017ca\u0144ska<\/td>\n<td>Wiktoria<\/td>\n<\/tr>\n<tr>\n<td>Rytlewski<\/td>\n<td>Mateusz<\/td>\n<\/tr>\n<tr>\n<td>\u015awi\u0119cicka<\/td>\n<td>Agata<\/td>\n<\/tr>\n<tr>\n<td>Tandecka<\/td>\n<td>Wiktoria<\/td>\n<\/tr>\n<tr>\n<td>Waga<\/td>\n<td>Rados\u0142aw<\/td>\n<\/tr>\n<tr>\n<td>Wojdylak<\/td>\n<td>Emilia<\/td>\n<\/tr>\n<\/tbody>\n<\/table>\n<p>Zwyci\u0119zcom gratulujemy, a wszystkim dzi\u0119kujemy za udzia\u0142 oraz za wysoki poziom wiedzy.<\/p>\n<a id=\"startowa_old\"><\/a>\n<h2 style=\"text-align: center;\"><strong>Lista uczestnik\u00f3w zakwalifikowanych do 2. etapu Olimpiady Wiedzy o Mediach (2020\/21)<\/strong>\u00a0w wojew\u00f3dztwie pomorskim<\/h2>\n<table style=\"height: 613px;\" width=\"1333\">\n<tbody>\n<tr>\n<td width=\"110\">Weronika<\/td>\n<td width=\"115\"><strong>Adamczyk<\/strong><\/td>\n<td width=\"81\">Klaudia<\/td>\n<td width=\"92\"><strong>Drzycimska<\/strong><\/td>\n<td width=\"64\">Mateusz<\/td>\n<td width=\"64\"><strong>Kr\u00f3l<\/strong><\/td>\n<td width=\"64\">Natalia<\/td>\n<td width=\"64\"><strong>Puciul<\/strong><\/td>\n<\/tr>\n<tr>\n<td>Karolina<\/td>\n<td><strong>Banasiak<\/strong><\/td>\n<td>Oliwia<\/td>\n<td><strong>Florczuk<\/strong><\/td>\n<td>Zuzanna<\/td>\n<td><strong>Krysa<\/strong><\/td>\n<td>Nikola<\/td>\n<td><strong>Rangotis<\/strong><\/td>\n<\/tr>\n<tr>\n<td>Rados\u0142aw<\/td>\n<td><strong>Bi\u0144kowski<\/strong><\/td>\n<td>Adriana<\/td>\n<td><strong>Fularczyk<\/strong><\/td>\n<td>Jacek<\/td>\n<td><strong>Kubale<\/strong><\/td>\n<td>Natalia<\/td>\n<td><strong>Redo<\/strong><\/td>\n<\/tr>\n<tr>\n<td>Aleksander<\/td>\n<td><strong>Bojanowski<\/strong><\/td>\n<td>Amelia<\/td>\n<td><strong>Gilewska<\/strong><\/td>\n<td>Eliza<\/td>\n<td><strong>Kunath<\/strong><\/td>\n<td>Agata<\/td>\n<td><strong>Reszke<\/strong><\/td>\n<\/tr>\n<tr>\n<td>Filip<\/td>\n<td><strong>Borawski<\/strong><\/td>\n<td>Kinga<\/td>\n<td><strong>Gom\u00f3\u0142ka Kulas<\/strong><\/td>\n<td>Wiktoria<\/td>\n<td><strong>Kustra<\/strong><\/td>\n<td>Magdalena<\/td>\n<td><strong>Rybus<\/strong><\/td>\n<\/tr>\n<tr>\n<td>Micha\u0142<\/td>\n<td><strong>Brejwo<\/strong><\/td>\n<td>Tullia<\/td>\n<td><strong>Grossi<\/strong><\/td>\n<td>Oliwia<\/td>\n<td><strong>Kwarta<\/strong><\/td>\n<td>Mateusz<\/td>\n<td><strong>Rytlewski<\/strong><\/td>\n<\/tr>\n<tr>\n<td>Damian<\/td>\n<td><strong>Brodalski<\/strong><\/td>\n<td>Karolina<\/td>\n<td><strong>Hennig<\/strong><\/td>\n<td>Oliwia<\/td>\n<td><strong>Lejman<\/strong><\/td>\n<td>Bart\u0142omiej<\/td>\n<td><strong>Sadura<\/strong><\/td>\n<\/tr>\n<tr>\n<td>Jacek<\/td>\n<td><strong>Bruhn<\/strong><\/td>\n<td>Kornelia<\/td>\n<td><strong>Jakubowska<\/strong><\/td>\n<td>Jan<\/td>\n<td><strong>Litkowski<\/strong><\/td>\n<td>Julia<\/td>\n<td><strong>Sajdak<\/strong><\/td>\n<\/tr>\n<tr>\n<td>Natalia<\/td>\n<td><strong>Bru\u017adzi\u0144ska<\/strong><\/td>\n<td>Julia<\/td>\n<td><strong>Jasie\u0144ska<\/strong><\/td>\n<td>Julia<\/td>\n<td><strong>Majchrzak<\/strong><\/td>\n<td>Micha\u0142<\/td>\n<td><strong>S\u0142owakiewicz<\/strong><\/td>\n<\/tr>\n<tr>\n<td>Wiktoria<\/td>\n<td><strong>Butkiewicz<\/strong><\/td>\n<td>Katarzyna<\/td>\n<td><strong>Jeznach<\/strong><\/td>\n<td>Olga<\/td>\n<td><strong>Makarewicz<\/strong><\/td>\n<td>Marcelina<\/td>\n<td><strong>Sobusiak<\/strong><\/td>\n<\/tr>\n<tr>\n<td>Micha\u0142<\/td>\n<td><strong>Cegielski<\/strong><\/td>\n<td>Marcjanna<\/td>\n<td><strong>Kaczy\u0144ska<\/strong><\/td>\n<td>Marcel<\/td>\n<td><strong>Makowski<\/strong><\/td>\n<td>Maciej<\/td>\n<td><strong>Socha<\/strong><\/td>\n<\/tr>\n<tr>\n<td>Wiktoria<\/td>\n<td><strong>Celban<\/strong><\/td>\n<td>Jan<\/td>\n<td><strong>Kaliszczak<\/strong><\/td>\n<td>Ignacy<\/td>\n<td><strong>Manturewicz<\/strong><\/td>\n<td>Jakub<\/td>\n<td><strong>Strzebo\u0144ski<\/strong><\/td>\n<\/tr>\n<tr>\n<td>Amadeusz<\/td>\n<td><strong>Cyman<\/strong><\/td>\n<td>Dominika<\/td>\n<td><strong>Kempa<\/strong><\/td>\n<td>Jan<\/td>\n<td><strong>Markanicz<\/strong><\/td>\n<td>Amanda<\/td>\n<td><strong>Szyszka<\/strong><\/td>\n<\/tr>\n<tr>\n<td>Nadia<\/td>\n<td><strong>Czaja<\/strong><\/td>\n<td>Oliwia<\/td>\n<td><strong>Klohs<\/strong><\/td>\n<td>Szymon<\/td>\n<td><strong>M\u0119dryk<\/strong><\/td>\n<td>Agata<\/td>\n<td><strong>\u015awi\u0119cicka<\/strong><\/td>\n<\/tr>\n<tr>\n<td>Aleksandra<\/td>\n<td><strong>Czatrowska<\/strong><\/td>\n<td>Kinga<\/td>\n<td><strong>Klonowska<\/strong><\/td>\n<td>Antoni<\/td>\n<td><strong>Michalewski<\/strong><\/td>\n<td>Wiktoria<\/td>\n<td><strong>Tandecka<\/strong><\/td>\n<\/tr>\n<tr>\n<td>Patrycja<\/td>\n<td><strong>Czerwi\u0144ska<\/strong><\/td>\n<td>Aleksandra<\/td>\n<td><strong>Kloskowska<\/strong><\/td>\n<td>Wiktoria<\/td>\n<td><strong>Nakielska<\/strong><\/td>\n<td>Rados\u0142aw<\/td>\n<td><strong>Waga<\/strong><\/td>\n<\/tr>\n<tr>\n<td>Daria<\/td>\n<td><strong>Dampc<\/strong><\/td>\n<td>Wiktoria<\/td>\n<td><strong>Konkel<\/strong><\/td>\n<td>Mateusz<\/td>\n<td><strong>Odrobina<\/strong><\/td>\n<td>Aleksandra<\/td>\n<td><strong>Weisbrod<\/strong><\/td>\n<\/tr>\n<tr>\n<td>Mateusz<\/td>\n<td><strong>D\u0105browski<\/strong><\/td>\n<td>Karolina<\/td>\n<td><strong>Korenik<\/strong><\/td>\n<td>Wiktoria<\/td>\n<td><strong>O\u017ca\u0144ska<\/strong><\/td>\n<td>Emilia<\/td>\n<td><strong>Wojdylak<\/strong><\/td>\n<\/tr>\n<tr>\n<td>Tomasz<\/td>\n<td><strong>Dmowski<\/strong><\/td>\n<td>Martyna<\/td>\n<td><strong>Kosecka<\/strong><\/td>\n<td>Malwina<\/td>\n<td><strong>Pospiech<\/strong><\/td>\n<td>Maja<\/td>\n<td><strong>Zamiejska<\/strong><\/td>\n<\/tr>\n<tr>\n<td>Laura<\/td>\n<td><strong>Dobek<\/strong><\/td>\n<td>Olga<\/td>\n<td><strong>Kowalska<\/strong><\/td>\n<td>Kacper<\/td>\n<td><strong>Prusak<\/strong><\/td>\n<td>Julia<\/td>\n<td><strong>Zawi\u015blak<\/strong><\/td>\n<\/tr>\n<tr>\n<td>Anna<\/td>\n<td><strong>Dolna<\/strong><\/td>\n<td>Karolina<\/td>\n<td><strong>Kozikowska<\/strong><\/td>\n<td>Magda<\/td>\n<td><strong>Pryczkowska<\/strong><\/td>\n<td>Julia<\/td>\n<td><strong>Zielke<\/strong><\/td>\n<\/tr>\n<\/tbody>\n<\/table>\n<p style=\"text-align: left;\">______________________________________________________________________________<\/p>\n<p style=\"text-align: left;\"><strong>Prace na pierwszy etap prosimy przesy\u0142a\u0107 do 13 listopada 2020 roku na adres:<\/strong><\/p>\n<p>Olimpiada Wiedzy o Mediach<br \/>\nUniwersytet Gda\u0144ski<br \/>\nWydzia\u0142 Nauk Spo\u0142ecznych<br \/>\nInstytut Medi\u00f3w, Dziennikarstwa i Komunikacji Spo\u0142ecznej<br \/>\nul. Ba\u017cy\u0144skiego 4<br \/>\n80-309 Gda\u0144sk<\/p>\n<h2 style=\"text-align: center;\"><\/h2>\n<h2 style=\"text-align: center;\">Edycja 2020\/2021 w re\u017cimie sanitarnym<\/h2>\n<p><strong>Szanowni Pa\u0144stwo!<\/strong><\/p>\n<p>W tym roku sytuacja jest wyj\u0105tkowa. Szczeg\u00f3lnie wa\u017cne jest dla nas zdrowie nasze i innych ludzi, za kt\u00f3rych bezpiecze\u0144stwo czujemy si\u0119 odpowiedzialni. Organizatorzy Olimpiady Wiedzy o Mediach wzi\u0119li to pod uwag\u0119. Edycja 2020\/2021 odb\u0119dzie si\u0119, ale test okr\u0119gowy zostanie zorganizowany w formie zdalnej. Zapraszamy Pa\u0144stwa do udzia\u0142u.<\/p>\n<p>Elektroniczna rejestracja zosta\u0142a przed\u0142u\u017cona i trwa do 30 pa\u017adziernika.<\/p>\n<p>https:\/\/owm.edu.pl\/rejestracja\/<\/p>\n<p><strong>Tegoroczne tematy na I etap:<\/strong><\/p>\n<ol type=\"1\">\n<li>J\u0119zyk medialny jako kategoria opisu \u015bwiata i tworzenia \u015bwiata<\/li>\n<li>Dyrygenci i wykonawcy polityki informacyjnej w Polsce po 1989 r.<\/li>\n<li>Wiedza o mediach jako sk\u0142adowa kompetencji m\u0142odego pokolenia Polak\u00f3w<\/li>\n<li>Inforozrywka \u2013 nobilituje czy degraduje dziennikarza?<\/li>\n<li>Czy dziennikarstwo prasowe ma szanse przetrwa\u0107? Miejsce prasy w dobie Internetu<\/li>\n<\/ol>\n<h2 style=\"text-align: center;\"><\/h2>\n","protected":false},"excerpt":{"rendered":"<p>Wszyscy reprezentanci naszego wojew\u00f3dztwa laureatami Olimpiady! Mi\u0142o nam poinformowa\u0107, \u017ce wszyscy zwyci\u0119zcy zawod\u00f3w w wojew\u00f3dztwie pomorskim wywalczyli w tym roku tytu\u0142 laureata Olimpiady Wiedzy o Mediach. Pi\u0119cioro z nich zakwalifikowa\u0142o si\u0119 do fina\u0142owego quizu, w kt\u00f3rym zaj\u0119li czo\u0142owe miejsca. Oto ich lista: 2. miejsce: Laura Dobek z III Liceum Og\u00f3lnokszta\u0142c\u0105cego im. Marynarki Wojennej RP w &hellip; <\/p>\n<p class=\"link-more\"><a href=\"https:\/\/owm.ug.edu.pl\/?p=975\" class=\"read-more\">Read More<span class=\"screen-reader-text\"> &#8222;Edycja 2020\/2021&#8221;<\/span><\/a><\/p>\n","protected":false},"author":1,"featured_media":0,"comment_status":"closed","ping_status":"open","sticky":false,"template":"","format":"standard","meta":{"footnotes":""},"categories":[3],"tags":[],"class_list":["post-975","post","type-post","status-publish","format-standard","hentry","category-poprzednie-edycje"],"_links":{"self":[{"href":"https:\/\/owm.ug.edu.pl\/index.php?rest_route=\/wp\/v2\/posts\/975","targetHints":{"allow":["GET"]}}],"collection":[{"href":"https:\/\/owm.ug.edu.pl\/index.php?rest_route=\/wp\/v2\/posts"}],"about":[{"href":"https:\/\/owm.ug.edu.pl\/index.php?rest_route=\/wp\/v2\/types\/post"}],"author":[{"embeddable":true,"href":"https:\/\/owm.ug.edu.pl\/index.php?rest_route=\/wp\/v2\/users\/1"}],"replies":[{"embeddable":true,"href":"https:\/\/owm.ug.edu.pl\/index.php?rest_route=%2Fwp%2Fv2%2Fcomments&post=975"}],"version-history":[{"count":2,"href":"https:\/\/owm.ug.edu.pl\/index.php?rest_route=\/wp\/v2\/posts\/975\/revisions"}],"predecessor-version":[{"id":977,"href":"https:\/\/owm.ug.edu.pl\/index.php?rest_route=\/wp\/v2\/posts\/975\/revisions\/977"}],"wp:attachment":[{"href":"https:\/\/owm.ug.edu.pl\/index.php?rest_route=%2Fwp%2Fv2%2Fmedia&parent=975"}],"wp:term":[{"taxonomy":"category","embeddable":true,"href":"https:\/\/owm.ug.edu.pl\/index.php?rest_route=%2Fwp%2Fv2%2Fcategories&post=975"},{"taxonomy":"post_tag","embeddable":true,"href":"https:\/\/owm.ug.edu.pl\/index.php?rest_route=%2Fwp%2Fv2%2Ftags&post=975"}],"curies":[{"name":"wp","href":"https:\/\/api.w.org\/{rel}","templated":true}]}}